{"id":67756,"date":"2024-04-28T19:43:09","date_gmt":"2024-04-29T01:43:09","guid":{"rendered":"https:\/\/zonaroja.com.mx\/?p=67756"},"modified":"2024-04-28T19:43:11","modified_gmt":"2024-04-29T01:43:11","slug":"accidente-de-autobus-con-peregrinos-deja-en-edomex-18-muertos","status":"publish","type":"post","link":"https:\/\/zonaroja.com.mx\/?p=67756","title":{"rendered":"Accidente de autob\u00fas con peregrinos deja en Edomex 18 muertos"},"content":{"rendered":"\n<p>Redacci\u00f3n\/Zona Roja Cdmx.<\/p>\n\n\n\n<p>Ciudad de M\u00e9xico, a 28 de abril de 2024.- Peregrinos provenientes de Guanajuato sufrieron un accidente de tr\u00e1nsito en el municipio de Malinalco, al sur del Estado de M\u00e9xico, cuyo saldo es de m\u00e1s de 20 personas lesionadas y 18 muertos.&nbsp;<\/p>\n\n\n\n<p>De acuerdo con los primeros reportes, los hechos ocurrieron la ma\u00f1ana de este domingo 28 de abril en la carretera Joquicingo-Malinalco, a la altura del paraje conocido como El Guarda, cuando el conductor de un cami\u00f3n perdi\u00f3 el control y volc\u00f3.<\/p>\n\n\n\n<p>En la unidad viajaban aproximadamente 40 personas provenientes de San Luis de la Paz, Guanajuato, quienes al parecer se dirig\u00edan hacia el Santuario de Chalma.<\/p>\n\n\n\n<p>Al lugar arribaron param\u00e9dicos de Protecci\u00f3n Civil de Malinalco y municipios cercanos, as\u00ed como de Cruz Roja quienes trasladaron a varios de los lesionados a hospitales cercanos.&nbsp;<\/p>\n\n\n\n<p>La Secretar\u00eda de Seguridad del Estado de M\u00e9xico (SSEM) confirm\u00f3 que por este hecho se registran 14 personas sin vida, aunque horas m\u00e1s tarde la cifra ascendi\u00f3 a 17.&nbsp;<\/p>\n\n\n\n<p>En comunicado -que se puede consultaren sus redes sociales oficiales- la dependencia inform\u00f3 sobre las acciones de primeros auxilios y rescate que se han realizado y confirm\u00f3 el n\u00famero de personas lesionadas y sin vida.&nbsp;&nbsp;<\/p>\n","protected":false},"excerpt":{"rendered":"<p>Redacci\u00f3n\/Zona Roja Cdmx. Ciudad de M\u00e9xico, a 28 de abril de 2024.- Peregrinos provenientes de&hellip;<\/p>\n","protected":false},"author":2,"featured_media":67757,"comment_status":"closed","ping_status":"open","sticky":false,"template":"","format":"standard","meta":{"_lmt_disableupdate":"","_lmt_disable":"","_jetpack_memberships_contains_paid_content":false,"footnotes":""},"categories":[109,51],"tags":[],"class_list":["post-67756","post","type-post","status-publish","format-standard","has-post-thumbnail","hentry","category-minuto-a-minuto","category-zona-roja"],"jetpack_featured_media_url":"https:\/\/zonaroja.com.mx\/wp-content\/uploads\/2024\/04\/Accidente-peregrinos-Malinalco-Edomex.jpeg.webp","jetpack_sharing_enabled":true,"_links":{"self":[{"href":"https:\/\/zonaroja.com.mx\/index.php?rest_route=\/wp\/v2\/posts\/67756","targetHints":{"allow":["GET"]}}],"collection":[{"href":"https:\/\/zonaroja.com.mx\/index.php?rest_route=\/wp\/v2\/posts"}],"about":[{"href":"https:\/\/zonaroja.com.mx\/index.php?rest_route=\/wp\/v2\/types\/post"}],"author":[{"embeddable":true,"href":"https:\/\/zonaroja.com.mx\/index.php?rest_route=\/wp\/v2\/users\/2"}],"replies":[{"embeddable":true,"href":"https:\/\/zonaroja.com.mx\/index.php?rest_route=%2Fwp%2Fv2%2Fcomments&post=67756"}],"version-history":[{"count":1,"href":"https:\/\/zonaroja.com.mx\/index.php?rest_route=\/wp\/v2\/posts\/67756\/revisions"}],"predecessor-version":[{"id":67758,"href":"https:\/\/zonaroja.com.mx\/index.php?rest_route=\/wp\/v2\/posts\/67756\/revisions\/67758"}],"wp:featuredmedia":[{"embeddable":true,"href":"https:\/\/zonaroja.com.mx\/index.php?rest_route=\/wp\/v2\/media\/67757"}],"wp:attachment":[{"href":"https:\/\/zonaroja.com.mx\/index.php?rest_route=%2Fwp%2Fv2%2Fmedia&parent=67756"}],"wp:term":[{"taxonomy":"category","embeddable":true,"href":"https:\/\/zonaroja.com.mx\/index.php?rest_route=%2Fwp%2Fv2%2Fcategories&post=67756"},{"taxonomy":"post_tag","embeddable":true,"href":"https:\/\/zonaroja.com.mx\/index.php?rest_route=%2Fwp%2Fv2%2Ftags&post=67756"}],"curies":[{"name":"wp","href":"https:\/\/api.w.org\/{rel}","templated":true}]}}