{"id":67759,"date":"2024-04-28T20:23:56","date_gmt":"2024-04-29T02:23:56","guid":{"rendered":"https:\/\/zonaroja.com.mx\/?p=67759"},"modified":"2024-04-28T20:23:58","modified_gmt":"2024-04-29T02:23:58","slug":"opinion-chiapas-la-violencia-no-reconocida","status":"publish","type":"post","link":"https:\/\/zonaroja.com.mx\/?p=67759","title":{"rendered":"Opini\u00f3n. Chiapas, la violencia no reconocida"},"content":{"rendered":"\n<p>Diego Enrique Osorno*<\/p>\n\n\n\n<p>En medio de la violencia no reconocida de manera oficial que estall\u00f3 con intensidad creciente en Chiapas desde hace tres a\u00f1os \u2014y que se viene describiendo aqu\u00ed a trav\u00e9s del pulso del Frayba\u2014, hay que resaltar el constante asedio a tierras recuperadas por el EZLN, en las que se ha levantado desde 1994 una forma aut\u00f3noma de gobierno que resiste estrategias contrainsurgentes.<\/p>\n\n\n\n<p>Las principales agresiones realizadas estos a\u00f1os de la crisis chiapaneca son reportadas por un centro de derechos humanos que tiene m\u00e1s legitimidad en la materia que un enajenado gobierno federal. Est\u00e1n centradas en los poblados y comunidades de La Resistencia, Emiliano Zapata, San Isidro, 16 de febrero, Lucio Caba\u00f1as y Nuevo San Gregorio, los cuales forman parte de la regi\u00f3n Mois\u00e9s y Gandhi del Caracol 10, de Patria Nueva.<\/p>\n\n\n\n<p>El Frayba ha caracterizado a quienes realizan estos ataques contra los zapatistas como grupos corporativistas armados, ya que tienen fuertes v\u00ednculos y arraigos con redes de la actual administraci\u00f3n federal, como se ratific\u00f3 estos d\u00edas durante la visita de la candidata presidencial, Claudia Sheinbaum.<\/p>\n\n\n\n<p>\u201cTienen una gran capacidad de fuego, armas de alto calibre y equipo t\u00e1ctico, y tambi\u00e9n llevan a cabo ejercicios muy espec\u00edficos de control poblacional. Adem\u00e1s se les suman grupos locales m\u00e1s peque\u00f1os\u201d, ha explicado el activista Carlos Ogaz en diversas alusiones. Un proceso a\u00fan m\u00e1s cr\u00edtico que parece estar sucediendo ahora es que dichos grupos han sido o est\u00e1n en v\u00edas de ser cooptados por grupos m\u00e1s grandes de la delincuencia organizada<\/p>\n\n\n\n<p>\u201cLastimosamente emanan desde las comunidades y, como en los noventas del paramilitarismo, est\u00e1n controlando asambleas y territorios a partir de cargos pol\u00edticos y sociales en sus comunidades\u201d.<\/p>\n\n\n\n<p>Otro factor grave es la remilitarizaci\u00f3n mediante la construcci\u00f3n de diez a quince nuevos cuarteles de la Guardia Nacional, la instalaci\u00f3n de 71 campamentos militares y el desplazamiento de mil 504 elementos de la Marina, 3 mil 466 de la Guardia y 3 mil 536 del Ej\u00e9rcito, en medio del ambiente de impunidad prevaleciente que dej\u00f3 la cruenta pol\u00edtica de contrainsurgencia de los noventa.<\/p>\n\n\n\n<p>A causa de su uso clientelar, programas como Sembrando Vida, apoyos para j\u00f3venes y adultos mayores, e incluso otros como el de control de la mosca del Mediterr\u00e1neo, son caldo de cultivo de una violencia en Chiapas que el a\u00fan presidente Andr\u00e9s Manuel L\u00f3pez Obrador no quiere ver.<\/p>\n\n\n\n<p>*Escritor y periodista.<\/p>\n\n\n\n<p>@DiegoEOsorno.<\/p>\n","protected":false},"excerpt":{"rendered":"<p>Diego Enrique Osorno* En medio de la violencia no reconocida de manera oficial que estall\u00f3&hellip;<\/p>\n","protected":false},"author":2,"featured_media":67760,"comment_status":"closed","ping_status":"open","sticky":false,"template":"","format":"standard","meta":{"_lmt_disableupdate":"","_lmt_disable":"","_jetpack_memberships_contains_paid_content":false,"footnotes":""},"categories":[456,109],"tags":[3020],"class_list":["post-67759","post","type-post","status-publish","format-standard","has-post-thumbnail","hentry","category-columna","category-minuto-a-minuto","tag-diego-enrique-osorno"],"jetpack_featured_media_url":"https:\/\/zonaroja.com.mx\/wp-content\/uploads\/2024\/04\/Diego-Enrique-Osorno.jpeg","jetpack_sharing_enabled":true,"_links":{"self":[{"href":"https:\/\/zonaroja.com.mx\/index.php?rest_route=\/wp\/v2\/posts\/67759","targetHints":{"allow":["GET"]}}],"collection":[{"href":"https:\/\/zonaroja.com.mx\/index.php?rest_route=\/wp\/v2\/posts"}],"about":[{"href":"https:\/\/zonaroja.com.mx\/index.php?rest_route=\/wp\/v2\/types\/post"}],"author":[{"embeddable":true,"href":"https:\/\/zonaroja.com.mx\/index.php?rest_route=\/wp\/v2\/users\/2"}],"replies":[{"embeddable":true,"href":"https:\/\/zonaroja.com.mx\/index.php?rest_route=%2Fwp%2Fv2%2Fcomments&post=67759"}],"version-history":[{"count":1,"href":"https:\/\/zonaroja.com.mx\/index.php?rest_route=\/wp\/v2\/posts\/67759\/revisions"}],"predecessor-version":[{"id":67761,"href":"https:\/\/zonaroja.com.mx\/index.php?rest_route=\/wp\/v2\/posts\/67759\/revisions\/67761"}],"wp:featuredmedia":[{"embeddable":true,"href":"https:\/\/zonaroja.com.mx\/index.php?rest_route=\/wp\/v2\/media\/67760"}],"wp:attachment":[{"href":"https:\/\/zonaroja.com.mx\/index.php?rest_route=%2Fwp%2Fv2%2Fmedia&parent=67759"}],"wp:term":[{"taxonomy":"category","embeddable":true,"href":"https:\/\/zonaroja.com.mx\/index.php?rest_route=%2Fwp%2Fv2%2Fcategories&post=67759"},{"taxonomy":"post_tag","embeddable":true,"href":"https:\/\/zonaroja.com.mx\/index.php?rest_route=%2Fwp%2Fv2%2Ftags&post=67759"}],"curies":[{"name":"wp","href":"https:\/\/api.w.org\/{rel}","templated":true}]}}