{"id":67768,"date":"2024-04-29T08:20:42","date_gmt":"2024-04-29T14:20:42","guid":{"rendered":"https:\/\/zonaroja.com.mx\/?p=67768"},"modified":"2024-04-29T08:20:45","modified_gmt":"2024-04-29T14:20:45","slug":"van-la-cnte-y-la-seccion-22-del-snte-a-paro-indefinido","status":"publish","type":"post","link":"https:\/\/zonaroja.com.mx\/?p=67768","title":{"rendered":"Van la CNTE y la Secci\u00f3n 22 del SNTE a paro indefinido"},"content":{"rendered":"\n<p>Raymundo Morales\/Zona Roja.<\/p>\n\n\n\n<p>Oaxaca de Ju\u00e1rez, Oax., a 29 de abril de 2024.- La Coordinadora Nacional de Trabajadores de la Educaci\u00f3n (CNTE) acord\u00f3 iniciar un paro indefinido de labores en las entidades donde tiene presencia, entre ellas Oaxaca, a partir del 15 de mayo.<\/p>\n\n\n\n<p>As\u00ed lo resolvi\u00f3 ayer, al concluir su sexto Congreso Nacional Extraordinario, en que se aval\u00f3 su plan de lucha unitario, que incluye adem\u00e1s exigir la reinstalaci\u00f3n de docentes cesados tras la reforma educativa de Enrique Pe\u00f1a Nieto, en 2016.<\/p>\n\n\n\n<p>Durante el encuentro, en que participaron dirigencias sindicales de Chiapas, Ciudad de M\u00e9xico, Guerrero, Michoac\u00e1n y Oaxaca, reiteraron el reproche al Presidente Andr\u00e9s Manuel L\u00f3pez Obrador, por negarse a promover la derogaci\u00f3n de la reforma educativa a nivel federal.<\/p>\n\n\n\n<p>\u201cA estas altura nos queda muy claro a todos que no cumpli\u00f3 y ahora se ha comprometido a resolver la reinstalaci\u00f3n de profesores\u201d, expusieron ayer durante la clausura del congreso extraordinario de la CNTE.<\/p>\n\n\n\n<p>En el encuentro particip\u00f3 la secretaria General de la Secci\u00f3n 22 del Sindicato Nacional de Trabajadores de la Educaci\u00f3n, quien horas antes anunci\u00f3 el paro indefinido de labores.<\/p>\n\n\n\n<p>No obstante, no precis\u00f3 cu\u00e1les fueron las demandas de car\u00e1cter estatal que no se han cumplido.<\/p>\n\n\n\n<p>Apenas el jueves pasado, la CNTE, entre ellas la gremial de Oaxaca, sostuvo en la Ciudad de M\u00e9xico una reuni\u00f3n con el Presidente Andr\u00e9s Manuel L\u00f3pez Obrador y el gobernador de Oaxaca, Salom\u00f3n Jara Cruz.<\/p>\n\n\n\n<p>Por otra parte, en el marco del D\u00eda del Trabajo y para entregar su pliego petitorio, la Secci\u00f3n 22 efectuar\u00e1 tambi\u00e9n una marcha masiva en la capital oaxaque\u00f1a y su zona metropolitana.<\/p>\n","protected":false},"excerpt":{"rendered":"<p>Raymundo Morales\/Zona Roja. Oaxaca de Ju\u00e1rez, Oax., a 29 de abril de 2024.- La Coordinadora&hellip;<\/p>\n","protected":false},"author":2,"featured_media":67769,"comment_status":"closed","ping_status":"open","sticky":false,"template":"","format":"standard","meta":{"_lmt_disableupdate":"","_lmt_disable":"","_jetpack_memberships_contains_paid_content":false,"footnotes":""},"categories":[109,47],"tags":[312],"class_list":["post-67768","post","type-post","status-publish","format-standard","has-post-thumbnail","hentry","category-minuto-a-minuto","category-zona-gris","tag-seccion-22-del-snte"],"jetpack_featured_media_url":"https:\/\/zonaroja.com.mx\/wp-content\/uploads\/2024\/04\/Asambela-CNTe-paro-de-labores.jpg","jetpack_sharing_enabled":true,"_links":{"self":[{"href":"https:\/\/zonaroja.com.mx\/index.php?rest_route=\/wp\/v2\/posts\/67768","targetHints":{"allow":["GET"]}}],"collection":[{"href":"https:\/\/zonaroja.com.mx\/index.php?rest_route=\/wp\/v2\/posts"}],"about":[{"href":"https:\/\/zonaroja.com.mx\/index.php?rest_route=\/wp\/v2\/types\/post"}],"author":[{"embeddable":true,"href":"https:\/\/zonaroja.com.mx\/index.php?rest_route=\/wp\/v2\/users\/2"}],"replies":[{"embeddable":true,"href":"https:\/\/zonaroja.com.mx\/index.php?rest_route=%2Fwp%2Fv2%2Fcomments&post=67768"}],"version-history":[{"count":1,"href":"https:\/\/zonaroja.com.mx\/index.php?rest_route=\/wp\/v2\/posts\/67768\/revisions"}],"predecessor-version":[{"id":67770,"href":"https:\/\/zonaroja.com.mx\/index.php?rest_route=\/wp\/v2\/posts\/67768\/revisions\/67770"}],"wp:featuredmedia":[{"embeddable":true,"href":"https:\/\/zonaroja.com.mx\/index.php?rest_route=\/wp\/v2\/media\/67769"}],"wp:attachment":[{"href":"https:\/\/zonaroja.com.mx\/index.php?rest_route=%2Fwp%2Fv2%2Fmedia&parent=67768"}],"wp:term":[{"taxonomy":"category","embeddable":true,"href":"https:\/\/zonaroja.com.mx\/index.php?rest_route=%2Fwp%2Fv2%2Fcategories&post=67768"},{"taxonomy":"post_tag","embeddable":true,"href":"https:\/\/zonaroja.com.mx\/index.php?rest_route=%2Fwp%2Fv2%2Ftags&post=67768"}],"curies":[{"name":"wp","href":"https:\/\/api.w.org\/{rel}","templated":true}]}}