{"id":67785,"date":"2024-04-29T19:06:39","date_gmt":"2024-04-30T01:06:39","guid":{"rendered":"https:\/\/zonaroja.com.mx\/?p=67785"},"modified":"2024-04-29T19:06:41","modified_gmt":"2024-04-30T01:06:41","slug":"registra-oaxaca-mas-de-53-mil-hectareas-danadas-por-incendios-forestales","status":"publish","type":"post","link":"https:\/\/zonaroja.com.mx\/?p=67785","title":{"rendered":"Registra Oaxaca m\u00e1s de 53 mil hect\u00e1reas da\u00f1adas por incendios forestales"},"content":{"rendered":"\n<p>Ismael Garc\u00eda M.\/Zona Roja.<\/p>\n\n\n\n<p>Oaxaca de Ju\u00e1rez, Oax., a 29 de abril de 2024.- En casi cuatro meses de este a\u00f1o, 129 incendios forestales han da\u00f1ado 53 mil 141 hect\u00e1reas en el estado de Oaxaca, inform\u00f3 la Comisi\u00f3n Estatal Forestal de Oaxaca (Coesfo).<\/p>\n\n\n\n<p>Aunado a ello, se tienen contabilizados 19 incendios de pastizales, con afectaci\u00f3n de 163.8 hect\u00e1reas.<\/p>\n\n\n\n<p>La mayor\u00eda de las afectaciones se registran en San Miguel y en Santa Mar\u00eda Chimalapa, con cerca de 34 mil hect\u00e1reas, as\u00ed como 12 mil hect\u00e1reas en la zona Chontal del estado, entre las regiones Sierra Sur y Costa.<\/p>\n\n\n\n<p>El informe fue dado por la responsable de la Coesfo, Magdalena Coello Castillo, durante la conferencia semanal, este lunes, del gobernador Salom\u00f3n Jara Cruz.<\/p>\n\n\n\n<p>La funcionaria detall\u00f3 que hasta la tarde de ayer hab\u00eda 17 incendios activos, mismos que son combatidos por comuneros, combatientes institucionales de la Coesfo, la Comisi\u00f3n Nacional Forestal, el Ej\u00e9rcito Mexicano y la Guardia Nacional.<\/p>\n\n\n\n<p>Con respecto a la zona de los Chimalapas, una vez extinguidas las seis conflagraciones el pasado viernes \u2014un de las cuales inici\u00f3 el 24 de marzo\u2014, surgieron al menos dos m\u00e1s, el s\u00e1bado, que son combatidos por comuneros y brigadistas.<\/p>\n\n\n\n<p>Pidi\u00f3 a los campesinos, as\u00ed como a la poblaci\u00f3n en general, evitar la pr\u00e1ctica de tumba, roza y quema, pues a trav\u00e9s de ese mecanismo es como han surgido la mayor\u00eda de las conflagraciones y pocos casos han sido por causas naturales, como los rayos.<\/p>\n","protected":false},"excerpt":{"rendered":"<p>Ismael Garc\u00eda M.\/Zona Roja. Oaxaca de Ju\u00e1rez, Oax., a 29 de abril de 2024.- En&hellip;<\/p>\n","protected":false},"author":2,"featured_media":65219,"comment_status":"closed","ping_status":"open","sticky":false,"template":"","format":"standard","meta":{"_lmt_disableupdate":"","_lmt_disable":"","_jetpack_memberships_contains_paid_content":false,"footnotes":""},"categories":[109,47],"tags":[3890],"class_list":["post-67785","post","type-post","status-publish","format-standard","has-post-thumbnail","hentry","category-minuto-a-minuto","category-zona-gris","tag-incendios-forestales-en-mexico"],"jetpack_featured_media_url":"https:\/\/zonaroja.com.mx\/wp-content\/uploads\/2024\/02\/FOTO-5-Atiende-Gobierno-de-Oaxaca-incendios-forestales-suscitados-en-la-entidad-.jpeg","jetpack_sharing_enabled":true,"_links":{"self":[{"href":"https:\/\/zonaroja.com.mx\/index.php?rest_route=\/wp\/v2\/posts\/67785","targetHints":{"allow":["GET"]}}],"collection":[{"href":"https:\/\/zonaroja.com.mx\/index.php?rest_route=\/wp\/v2\/posts"}],"about":[{"href":"https:\/\/zonaroja.com.mx\/index.php?rest_route=\/wp\/v2\/types\/post"}],"author":[{"embeddable":true,"href":"https:\/\/zonaroja.com.mx\/index.php?rest_route=\/wp\/v2\/users\/2"}],"replies":[{"embeddable":true,"href":"https:\/\/zonaroja.com.mx\/index.php?rest_route=%2Fwp%2Fv2%2Fcomments&post=67785"}],"version-history":[{"count":1,"href":"https:\/\/zonaroja.com.mx\/index.php?rest_route=\/wp\/v2\/posts\/67785\/revisions"}],"predecessor-version":[{"id":67786,"href":"https:\/\/zonaroja.com.mx\/index.php?rest_route=\/wp\/v2\/posts\/67785\/revisions\/67786"}],"wp:featuredmedia":[{"embeddable":true,"href":"https:\/\/zonaroja.com.mx\/index.php?rest_route=\/wp\/v2\/media\/65219"}],"wp:attachment":[{"href":"https:\/\/zonaroja.com.mx\/index.php?rest_route=%2Fwp%2Fv2%2Fmedia&parent=67785"}],"wp:term":[{"taxonomy":"category","embeddable":true,"href":"https:\/\/zonaroja.com.mx\/index.php?rest_route=%2Fwp%2Fv2%2Fcategories&post=67785"},{"taxonomy":"post_tag","embeddable":true,"href":"https:\/\/zonaroja.com.mx\/index.php?rest_route=%2Fwp%2Fv2%2Ftags&post=67785"}],"curies":[{"name":"wp","href":"https:\/\/api.w.org\/{rel}","templated":true}]}}