{"id":67788,"date":"2024-04-29T20:24:31","date_gmt":"2024-04-30T02:24:31","guid":{"rendered":"https:\/\/zonaroja.com.mx\/?p=67788"},"modified":"2024-04-29T21:46:04","modified_gmt":"2024-04-30T03:46:04","slug":"con-mas-de-una-docena-de-bloqueos-y-protestas-inicia-la-semana-en-oaxaca","status":"publish","type":"post","link":"https:\/\/zonaroja.com.mx\/?p=67788","title":{"rendered":"Con m\u00e1s de una docena de bloqueos y protestas inicia la semana en Oaxaca"},"content":{"rendered":"\n<p>Ismael Garc\u00eda M.\/Zona Roja.<\/p>\n\n\n\n<p>Oaxaca de Ju\u00e1rez, Oax., a 29 de abril de 2024.- M\u00e1s de 12 protestas y bloqueos carreteros se registraron este lunes en Oaxaca, en su mayor\u00eda en las regiones Valles Centrales, Istmo de Tehuantepec, Cuenca y Mixteca<\/p>\n\n\n\n<p>En la zona istme\u00f1a fueron al menos cuatro cierres viales, tres de los cuales se registraron en la carretera Panamericana, en puntos de la jurisdicci\u00f3n de Juchit\u00e1n de Zaragoza.<\/p>\n\n\n\n<p>Fue por parte de taxistas de diversos gremios, supuestamente para pedir a las autoridades federales y estatales la rehabilitaci\u00f3n de dicha v\u00eda, que comunica hacia el estado de Chiapas.<\/p>\n\n\n\n<p>Otro m\u00e1s inici\u00f3 esta tarde y contin\u00faa en la carretera Trans\u00edstimica, en el kil\u00f3metro 180, a la altura del entronque a Estaci\u00f3n Mogo\u00f1\u00e9, localidad perteneciente a San Juan Guichicovi.<\/p>\n\n\n\n<p>Son pobladores de la poblaci\u00f3n Ejido Revoluci\u00f3n, que demandan obras p\u00fablicas; hasta esta noche el cierre vial permanece.<\/p>\n\n\n\n<p>Mientras que en la Mixteca, integrantes de la asociaci\u00f3n civil MAIZ bloquean la carretera federal 190 Oaxaca-M\u00e9xico, a la altura del crucero a Tezoatl\u00e1n de Segura y Luna, cerca de Huajuapan de Le\u00f3n.<\/p>\n\n\n\n<p>Exigen justicia por el asesinato de Bety Cari\u00f1o y Jyri Jaakola, asesinados esta fecha pero hace 14 a\u00f1os.<\/p>\n\n\n\n<p>Seg\u00fan Misael Vel\u00e1zquez Tadeo, vocero del Movimiento Agrario Ind\u00edgena Zapatista (MAIZ), hasta el momento el Estado mexicano se ha declarado incompetente en esteos casos.<\/p>\n\n\n\n<p>EN VALLES<\/p>\n\n\n\n<p>En la ciudad de Oaxaca, regi\u00f3n Valles Centrales, tambi\u00e9n hubo diversas manifestaciones.<\/p>\n\n\n\n<p>A temprana hora, un grupo de padres de familia protest\u00f3 afuera de la escuela primaria \u00abPresidente Alem\u00e1n\u00bb, para denunciar a una profesora por violentar a sus hijos durante las clases; exig\u00edan una asamblea general para destituir a la docente.<\/p>\n\n\n\n<p>Profesores jubilados, afiliados a la Secci\u00f3n 22 del SNTE, bloquearon desde la ma\u00f1ana y hasta la tarde de hoy la calle Armenta y L\u00f3pez del Centro Hist\u00f3rico, entre avenida Hidalgo y calle Guerrero.<\/p>\n\n\n\n<p>Lo anterior para exigir la contrataci\u00f3n de sus hijos o sus familiares, luego de haber recibido la jubilaci\u00f3n, pues esta prestaci\u00f3n fue derogada con la reforma educativa que promovi\u00f3 el Presidente Enrique Pe\u00f1a Nieto en el 2015.<\/p>\n\n\n\n<p>En tanto, un grupo de encapuchados, supuestos normalistas, se apoderaron del Centro Regional de Educaci\u00f3n Normal de Oaxaca (CRENO), en la avenida San Felipe de la capital.<\/p>\n\n\n\n<p>Sin demandas precisas hasta ahora, han tomado camiones de mercanc\u00eda, entre ellos refrescos y frituras, y los han introducido a las instalaciones.<\/p>\n\n\n\n<p>Mientras tanto, la organizaci\u00f3n Antorcha Campesina, identificada con el PRI, protest\u00f3 en el acceso al Palacio de Gobierno, para exigir una audiencia con las autoridades estatales, pues aseguran que tienen demandas de obras para las comunidades, rezagadas desde hace varios a\u00f1os.<\/p>\n\n\n\n<p>Tambi\u00e9n en el z\u00f3calo, frente al Palacio de Gobierno, integrantes del Comit\u00e9 de V\u00edctimas de Nochixtl\u00e1n dio a conocer su inconformidad por los acuerdos que tom\u00f3 la Secci\u00f3n 22 del SNTE y la Coordinadora Nacional de Trabajadores de la Educaci\u00f3n con respecto a la indemnizaci\u00f3n de las v\u00edctimas de los hechos violentos del 19 de junio de 2016.<\/p>\n\n\n\n<p>EN LA CUENCA<\/p>\n\n\n\n<p>Mientras tanto en la regi\u00f3n de la Cuenca, habitantes del municipio de San Juan Bautista Valle Nacional instalaron al menos cuatro bloqueos, uno de ellos en la carretera 175 que conduce a Oaxaca y otros en Tuxtepec.<\/p>\n\n\n\n<p>Se trata de ejidatarios y productores de ma\u00edz que exigen a las dependencias federales que se react\u00edvese la compra del grano para quienes se dedican a la siembra de ese producto.<\/p>\n\n\n\n<p>Hasta el momento contin\u00faan las manifestaciones, a la que se sum\u00f3 una m\u00e1s de un grupo de pobladores en la sede del palacio municipal.<\/p>\n","protected":false},"excerpt":{"rendered":"<p>Ismael Garc\u00eda M.\/Zona Roja. Oaxaca de Ju\u00e1rez, Oax., a 29 de abril de 2024.- M\u00e1s&hellip;<\/p>\n","protected":false},"author":2,"featured_media":67789,"comment_status":"closed","ping_status":"open","sticky":false,"template":"","format":"standard","meta":{"_lmt_disableupdate":"","_lmt_disable":"","_jetpack_memberships_contains_paid_content":false,"footnotes":""},"categories":[109,46],"tags":[2264],"class_list":["post-67788","post","type-post","status-publish","format-standard","has-post-thumbnail","hentry","category-minuto-a-minuto","category-zona-blanca","tag-bloqueos-y-protestas-oaxaca"],"jetpack_featured_media_url":"https:\/\/zonaroja.com.mx\/wp-content\/uploads\/2024\/04\/Bloqueo-taxistas-en-el-Istmo.jpg","jetpack_sharing_enabled":true,"_links":{"self":[{"href":"https:\/\/zonaroja.com.mx\/index.php?rest_route=\/wp\/v2\/posts\/67788","targetHints":{"allow":["GET"]}}],"collection":[{"href":"https:\/\/zonaroja.com.mx\/index.php?rest_route=\/wp\/v2\/posts"}],"about":[{"href":"https:\/\/zonaroja.com.mx\/index.php?rest_route=\/wp\/v2\/types\/post"}],"author":[{"embeddable":true,"href":"https:\/\/zonaroja.com.mx\/index.php?rest_route=\/wp\/v2\/users\/2"}],"replies":[{"embeddable":true,"href":"https:\/\/zonaroja.com.mx\/index.php?rest_route=%2Fwp%2Fv2%2Fcomments&post=67788"}],"version-history":[{"count":2,"href":"https:\/\/zonaroja.com.mx\/index.php?rest_route=\/wp\/v2\/posts\/67788\/revisions"}],"predecessor-version":[{"id":67796,"href":"https:\/\/zonaroja.com.mx\/index.php?rest_route=\/wp\/v2\/posts\/67788\/revisions\/67796"}],"wp:featuredmedia":[{"embeddable":true,"href":"https:\/\/zonaroja.com.mx\/index.php?rest_route=\/wp\/v2\/media\/67789"}],"wp:attachment":[{"href":"https:\/\/zonaroja.com.mx\/index.php?rest_route=%2Fwp%2Fv2%2Fmedia&parent=67788"}],"wp:term":[{"taxonomy":"category","embeddable":true,"href":"https:\/\/zonaroja.com.mx\/index.php?rest_route=%2Fwp%2Fv2%2Fcategories&post=67788"},{"taxonomy":"post_tag","embeddable":true,"href":"https:\/\/zonaroja.com.mx\/index.php?rest_route=%2Fwp%2Fv2%2Ftags&post=67788"}],"curies":[{"name":"wp","href":"https:\/\/api.w.org\/{rel}","templated":true}]}}