{"id":67791,"date":"2024-04-29T21:39:10","date_gmt":"2024-04-30T03:39:10","guid":{"rendered":"https:\/\/zonaroja.com.mx\/?p=67791"},"modified":"2024-04-29T21:39:12","modified_gmt":"2024-04-30T03:39:12","slug":"manana-inician-campanas-municipales-aprueba-el-ieepco-candidaturas","status":"publish","type":"post","link":"https:\/\/zonaroja.com.mx\/?p=67791","title":{"rendered":"Ma\u00f1ana inician campa\u00f1as municipales; aprueba el IEEPCO candidaturas"},"content":{"rendered":"\n<p>Redacci\u00f3n\/Zona Roja.<\/p>\n\n\n\n<p>Oaxaca de Ju\u00e1rez, Oax., a 29 de abril de 2024- En sesi\u00f3n extraordinaria urgente, el Consejo General del Instituto Estatal Electoral y de Participaci\u00f3n Ciudadana de Oaxaca (IEEPCO), aprob\u00f3 el registro de forma supletoria de las candidaturas a concejal\u00edas a los ayuntamientos que se rigen por el sistema de partidos pol\u00edticos, as\u00ed como las candidaturas comunes, las independientes y la independiente ind\u00edgena, en el Proceso Electoral Ordinario 2023-2024.&nbsp;<\/p>\n\n\n\n<p>Rumbo a las elecciones Oaxaca 2024, se aprob\u00f3 el registro de las candidaturas independientes de los municipios de Cuil\u00e1pam de Guerrero, Santa Cruz Amilpas, Tlacolula de Matamoros, Heroica Ciudad de Tlaxiaco, Putla Villa de Guerrero y Salina Cruz; de igual forma, se aprob\u00f3 la candidatura independiente ind\u00edgena en el municipio de Chalcatongo de Hidalgo.&nbsp;<\/p>\n\n\n\n<p>En la sesi\u00f3n del Consejo General del IEEPCO, se declar\u00f3 no procedente la solicitud de registro del ciudadano David Garc\u00eda Mart\u00ednez, como primer concejal propietario del Municipio de Huautla de Jim\u00e9nez, postulado por el Partido de la Revoluci\u00f3n Democr\u00e1tica y el Partido Revolucionario Institucional, en candidatura com\u00fan, por Violencia Pol\u00edtica en Raz\u00f3n de G\u00e9nero; ante ello, se otorg\u00f3 un plazo para la sustituci\u00f3n de la candidatura.&nbsp;<\/p>\n\n\n\n<p>La misma determinaci\u00f3n se declar\u00f3 para el ciudadano Jos\u00e9 Guadalupe Barbosa Barrag\u00e1n, como primer concejal propietario del municipio de Santiago Huajolotitl\u00e1n, postulado por el partido Fuerza por M\u00e9xico Oaxaca; de la ciudadana, Aurelia Ben\u00edtez Castillejos, como primera concejal propietaria del municipio El Espinal, postulada por el partido Fuerza por M\u00e9xico Oaxaca; de la ciudadana, Esperanza Ben\u00edtez Arizmendi, como primera concejal propietaria del municipio de El Espinal, postulada por el partido pol\u00edtico Morena; de la ciudadana Luz Mar\u00eda M\u00e9ndez Rodr\u00edguez, como quinta concejal propietaria del municipio de Magdalena Ocotl\u00e1n, postulada por el partido pol\u00edtico Movimiento Ciudadano.<\/p>\n\n\n\n<p>M\u00c1S DE 10 MIL SOLICITUDES<\/p>\n\n\n\n<p>Durante la sesi\u00f3n, el consejero presidente provisional Alejandro Carrasco Sampedro, inform\u00f3 que se recibieron m\u00e1s de 10 mil solicitudes de registro, lo que se tradujo en un gran trabajo operativo de revisi\u00f3n documental, requisitos de cumplimiento del principio de paridad y de acciones afirmativas.&nbsp;<\/p>\n\n\n\n<p>Respecto al hecho de que algunos partidos no cumplieron con las disposiciones, el Consejo General determin\u00f3 otorgar un plazo para cumplir con las normas y promover la participaci\u00f3n pol\u00edtica.&nbsp;<\/p>\n\n\n\n<p>\u201cEsto es lo m\u00e1s responsable, ya que, a diferencia de otros procesos electorales, en este se podr\u00e1 ejercer por parte de la ciudadan\u00eda el voto anticipado y ello conlleva una labor institucional para tener todo lo necesario a tiempo para que esto sea posible\u201d.&nbsp;<\/p>\n\n\n\n<p>Por su parte, la consejera Nayma Enriquez Estrada, se\u00f1al\u00f3 que el ejercicio que se ha realizado para lograr estos registros, se logr\u00f3 en equipo y dio a conocer que en este proceso se cont\u00f3 con un registro de 11 mil 360 personas, de las cuales, seis mil 439 son mujeres y tres mil 994, son hombres; hasta el momento de la sesi\u00f3n se contaron 927 espacios vac\u00edos.\u00a0<\/p>\n\n\n\n<figure class=\"wp-block-embed is-type-rich is-provider-twitter wp-block-embed-twitter\"><div class=\"wp-block-embed__wrapper\">\n<div class=\"twitter-tweet\"><blockquote class=\"twitter-tweet\" data-lang=\"es\"><p lang=\"es\" dir=\"ltr\">&quot;Las elecciones en <a href=\"https:\/\/twitter.com\/hashtag\/Oaxaca?src=hash&amp;ref_src=twsrc%5Etfw\">#Oaxaca<\/a> avanzan con normalidad, ya que el compromiso y prioridad m\u00e1s grande del instituto, es con la ciudadan\u00eda&quot; se\u00f1al\u00f3 <a href=\"https:\/\/twitter.com\/AleCarrasco_S?ref_src=twsrc%5Etfw\">@AleCarrasco_S<\/a>. <a href=\"https:\/\/twitter.com\/hashtag\/TuVotoLoPuedeTodo?src=hash&amp;ref_src=twsrc%5Etfw\">#TuVotoLoPuedeTodo<\/a><\/p>&mdash; IEEPCO (@IEEPCO) <a href=\"https:\/\/twitter.com\/IEEPCO\/status\/1785141626228154727?ref_src=twsrc%5Etfw\">30 de abril de 2024<\/a><\/blockquote><\/div>\n<\/div><\/figure>\n\n\n\n<p>ACCIONES AFIRMATIVAS<\/p>\n\n\n\n<p>Acerca de las acciones afirmativas, se registraron en total seis mil 988 personas, divididas de la siguiente forma: 954 registros como personas adultas mayores, de las cuales, 459 son mujeres y 495 hombres; en juventudes, mil 44 personas con un registro de 818 mujeres y 226 hombres; como personas ind\u00edgenas, un total de tres mil 482 personas, con un registro de dos mil 105 mujeres y mil 377 son hombres.&nbsp;<\/p>\n\n\n\n<p>De la acci\u00f3n afirmativa de las candidaturas de las personas afromexicanas, se registraron 433, con 283 mujeres y 150 hombres; sobre las personas con discapacidad, hay un registro de 522 personas, de las cuales 299 son mujeres y 223 son hombres; de las personas de la diversidad de g\u00e9nero, se registraron 553 personas, de las cuales, 298 se identifican como mujeres y 255 como hombres; en el principio de paridad a la primera concejal\u00eda, se registraron 936 personas, de las cuales 487 son mujeres y 449 hombres.&nbsp;<\/p>\n\n\n\n<p>En su participaci\u00f3n, la consejera Zaira Alehel\u00ed Hip\u00f3lito L\u00f3pez, destac\u00f3 el esfuerzo de los partidos pol\u00edticos por incluir en municipios como Oaxaca, Tuxtepec, Salina Cruz y Xoxocotl\u00e1n los registros de personas ind\u00edgenas, \u201csin embargo, a\u00fan queda una deuda importante con la poblaci\u00f3n afro, por lo que se debe reflejar y continuar trabajando por una inclusi\u00f3n de la poblaci\u00f3n afromexicana en los procesos electorales\u201d.&nbsp;<\/p>\n\n\n\n<p>De igual forma, invit\u00f3 a la poblaci\u00f3n a consultar los perfiles de las personas candidatas a trav\u00e9s de la plataforma \u201cCon\u00f3celes\u201d, que est\u00e1 hecha para la consulta ciudadana con el objetivo de que las personas conozcan a las personas que se postulan rumbo a las elecciones del 2 de junio.<\/p>\n\n\n\n<p>Respecto a la acci\u00f3n afirmativa sobre las personas con discapacidad, la consejera Jessica Jazzibe Hern\u00e1ndez Garc\u00eda y el consejero Wilfrido Lulio Almaraz Santib\u00e1\u00f1ez, coincidieron en la necesidad de continuar trabajando para lograr que esta acci\u00f3n afirmativa sea un reflejo del reconocimiento de todos los sectores y de esta forma, revisar que se cumpla con este principio.&nbsp;<\/p>\n\n\n\n<p>La revisi\u00f3n de estos registros, es una afirmaci\u00f3n del compromiso con los valores democr\u00e1ticos y es un paso en la consolidaci\u00f3n de un gobierno que represente a todas y todos con acciones afirmativas para su registro; estas acciones no son meras formalidades son el reflejo de una sociedad que avanza por una democracia incluyente y participativa de forma equitativa e igualitaria con diversas perspectivas para promover un cambio cultural a favor de la transformaci\u00f3n de la realidad para que todas las voces sean consideradas en la gesti\u00f3n p\u00fablica\u201d, enfatiz\u00f3 la consejera Jessica Jazibe Hern\u00e1ndez Garc\u00eda en su participaci\u00f3n.&nbsp;<\/p>\n\n\n\n<p>La consejera Carmelita Sibaja Ochoa abord\u00f3 el enfoque y alcances del IEEPCO en el que destac\u00f3 que \u201cson los partidos pol\u00edticos los que acreditan el cumplimiento de los registros de las personas aspirantes y el Instituto es un \u00f3rgano aut\u00f3nomo de buena fe que establece los lineamientos y requisitos para acreditar las acciones afirmativas\u201d.&nbsp;<\/p>\n\n\n\n<p>Respecto a las observaciones del \u00f3rgano, las y los representantes de los partidos pol\u00edticos coincidieron en la importancia de trabajar para cumplir con los lineamientos establecidos y actuar de forma responsable para garantizar la inclusi\u00f3n en el proceso electoral ordinario.<\/p>\n\n\n\n<p>Cabe destacar que las campa\u00f1as pol\u00edticas para las concejal\u00edas comienzan este 30 de abril rumbo a las elecciones Oaxaca 2024 que tendr\u00e1n lugar el pr\u00f3ximo 2 de junio y desde el IEEPCO, se garantiza que el proceso avance con normalidad y en compromiso con la ciudadan\u00eda oaxaque\u00f1a.<\/p>\n","protected":false},"excerpt":{"rendered":"<p>Redacci\u00f3n\/Zona Roja. Oaxaca de Ju\u00e1rez, Oax., a 29 de abril de 2024- En sesi\u00f3n extraordinaria&hellip;<\/p>\n","protected":false},"author":2,"featured_media":67792,"comment_status":"closed","ping_status":"open","sticky":false,"template":"","format":"standard","meta":{"_lmt_disableupdate":"","_lmt_disable":"","_jetpack_memberships_contains_paid_content":false,"footnotes":""},"categories":[109,46],"tags":[3809,2932],"class_list":["post-67791","post","type-post","status-publish","format-standard","has-post-thumbnail","hentry","category-minuto-a-minuto","category-zona-blanca","tag-elecciones-2024-oaxaca","tag-instituto-estatal-electoral-y-de-participacion-ciudadana-de-oaxaca-ieepco"],"jetpack_featured_media_url":"https:\/\/zonaroja.com.mx\/wp-content\/uploads\/2024\/04\/Sesion-del-IEEPCO-aprueba-candidaturas.jpeg","jetpack_sharing_enabled":true,"_links":{"self":[{"href":"https:\/\/zonaroja.com.mx\/index.php?rest_route=\/wp\/v2\/posts\/67791","targetHints":{"allow":["GET"]}}],"collection":[{"href":"https:\/\/zonaroja.com.mx\/index.php?rest_route=\/wp\/v2\/posts"}],"about":[{"href":"https:\/\/zonaroja.com.mx\/index.php?rest_route=\/wp\/v2\/types\/post"}],"author":[{"embeddable":true,"href":"https:\/\/zonaroja.com.mx\/index.php?rest_route=\/wp\/v2\/users\/2"}],"replies":[{"embeddable":true,"href":"https:\/\/zonaroja.com.mx\/index.php?rest_route=%2Fwp%2Fv2%2Fcomments&post=67791"}],"version-history":[{"count":1,"href":"https:\/\/zonaroja.com.mx\/index.php?rest_route=\/wp\/v2\/posts\/67791\/revisions"}],"predecessor-version":[{"id":67793,"href":"https:\/\/zonaroja.com.mx\/index.php?rest_route=\/wp\/v2\/posts\/67791\/revisions\/67793"}],"wp:featuredmedia":[{"embeddable":true,"href":"https:\/\/zonaroja.com.mx\/index.php?rest_route=\/wp\/v2\/media\/67792"}],"wp:attachment":[{"href":"https:\/\/zonaroja.com.mx\/index.php?rest_route=%2Fwp%2Fv2%2Fmedia&parent=67791"}],"wp:term":[{"taxonomy":"category","embeddable":true,"href":"https:\/\/zonaroja.com.mx\/index.php?rest_route=%2Fwp%2Fv2%2Fcategories&post=67791"},{"taxonomy":"post_tag","embeddable":true,"href":"https:\/\/zonaroja.com.mx\/index.php?rest_route=%2Fwp%2Fv2%2Ftags&post=67791"}],"curies":[{"name":"wp","href":"https:\/\/api.w.org\/{rel}","templated":true}]}}