{"id":67797,"date":"2024-04-29T22:13:59","date_gmt":"2024-04-30T04:13:59","guid":{"rendered":"https:\/\/zonaroja.com.mx\/?p=67797"},"modified":"2024-04-29T22:14:01","modified_gmt":"2024-04-30T04:14:01","slug":"otra-vez-juchitan-ejecutan-a-balazos-a-un-individuo","status":"publish","type":"post","link":"https:\/\/zonaroja.com.mx\/?p=67797","title":{"rendered":"Otra vez Juchit\u00e1n: ejecutan a balazos a un individuo"},"content":{"rendered":"\n<p>Raymundo Morales\/Zona Roja. Foto: ADN Sureste.<\/p>\n\n\n\n<p>Oaxaca de Ju\u00e1rez, Oax., a 29 de abril de 2024.- La violencia se recrudece en el municipio de Juchit\u00e1n de Zaragoza.<\/p>\n\n\n\n<p>Esta tarde-noche, una persona del sexo masculino fue ejecutada a balazos en el interior de su veh\u00edculo, en la carretera Juchit\u00e1n-La Ventosa, en inmediaciones de la colonia Los Pinos.<\/p>\n\n\n\n<p>Seg\u00fan los primeros reportes policiacos, la v\u00edctima fue alcanzada por sujetos armados, al parecer en motocicleta, que lo acribillaron, tras lo cual huyeron de la zona.<\/p>\n\n\n\n<p>En el interior del veh\u00edculo, marca Nissan, tipo March, color blanco, qued\u00f3 el cuerpo sin vida del individuo, a\u00fan no identificado. El deceso fue confirmado por param\u00e9dicos.<\/p>\n\n\n\n<p>Personal de la Vicefiscal\u00eda Regional del Istmo arrib\u00f3 a la zona para iniciar las indagatorias correspondientes y dar con el o los responsables del crimen.<\/p>\n","protected":false},"excerpt":{"rendered":"<p>Raymundo Morales\/Zona Roja. Foto: ADN Sureste. Oaxaca de Ju\u00e1rez, Oax., a 29 de abril de&hellip;<\/p>\n","protected":false},"author":2,"featured_media":67798,"comment_status":"closed","ping_status":"open","sticky":false,"template":"","format":"standard","meta":{"_lmt_disableupdate":"","_lmt_disable":"","_jetpack_memberships_contains_paid_content":false,"footnotes":""},"categories":[109,51],"tags":[1140],"class_list":["post-67797","post","type-post","status-publish","format-standard","has-post-thumbnail","hentry","category-minuto-a-minuto","category-zona-roja","tag-juchita-de-zaragoza"],"jetpack_featured_media_url":"https:\/\/zonaroja.com.mx\/wp-content\/uploads\/2024\/04\/Ejecutado-en-Juchitan.jpeg","jetpack_sharing_enabled":true,"_links":{"self":[{"href":"https:\/\/zonaroja.com.mx\/index.php?rest_route=\/wp\/v2\/posts\/67797","targetHints":{"allow":["GET"]}}],"collection":[{"href":"https:\/\/zonaroja.com.mx\/index.php?rest_route=\/wp\/v2\/posts"}],"about":[{"href":"https:\/\/zonaroja.com.mx\/index.php?rest_route=\/wp\/v2\/types\/post"}],"author":[{"embeddable":true,"href":"https:\/\/zonaroja.com.mx\/index.php?rest_route=\/wp\/v2\/users\/2"}],"replies":[{"embeddable":true,"href":"https:\/\/zonaroja.com.mx\/index.php?rest_route=%2Fwp%2Fv2%2Fcomments&post=67797"}],"version-history":[{"count":1,"href":"https:\/\/zonaroja.com.mx\/index.php?rest_route=\/wp\/v2\/posts\/67797\/revisions"}],"predecessor-version":[{"id":67799,"href":"https:\/\/zonaroja.com.mx\/index.php?rest_route=\/wp\/v2\/posts\/67797\/revisions\/67799"}],"wp:featuredmedia":[{"embeddable":true,"href":"https:\/\/zonaroja.com.mx\/index.php?rest_route=\/wp\/v2\/media\/67798"}],"wp:attachment":[{"href":"https:\/\/zonaroja.com.mx\/index.php?rest_route=%2Fwp%2Fv2%2Fmedia&parent=67797"}],"wp:term":[{"taxonomy":"category","embeddable":true,"href":"https:\/\/zonaroja.com.mx\/index.php?rest_route=%2Fwp%2Fv2%2Fcategories&post=67797"},{"taxonomy":"post_tag","embeddable":true,"href":"https:\/\/zonaroja.com.mx\/index.php?rest_route=%2Fwp%2Fv2%2Ftags&post=67797"}],"curies":[{"name":"wp","href":"https:\/\/api.w.org\/{rel}","templated":true}]}}