{"id":67800,"date":"2024-04-30T06:18:21","date_gmt":"2024-04-30T12:18:21","guid":{"rendered":"https:\/\/zonaroja.com.mx\/?p=67800"},"modified":"2024-04-30T06:18:23","modified_gmt":"2024-04-30T12:18:23","slug":"apela-la-fgr-liberacion-del-hermano-de-el-mencho-lo-ayudaron-a-lograr-libertad","status":"publish","type":"post","link":"https:\/\/zonaroja.com.mx\/?p=67800","title":{"rendered":"Apela la FGR liberaci\u00f3n del hermano de \u201cEl Mencho\u201d; lo ayudaron a lograr libertad"},"content":{"rendered":"\n<p>Redacci\u00f3n\/Zona Roja Cdmx.<\/p>\n\n\n\n<p>Ciudad de M\u00e9xico, a 30 de abril de 2024.- La Fiscal\u00eda General de la Rep\u00fablica (FGR) se niega a sufrir una derrota m\u00e1s contra el narco.&nbsp;<\/p>\n\n\n\n<p>Este lunes 29 de abril, a un d\u00eda de la liberaci\u00f3n de Abraham Oseguera Cervantes, \u201cDon Rodo\u201d, hermano de \u00abEl Mencho\u00bb y presunto l\u00edder del C\u00e1rtel Jalisco Nueva Generaci\u00f3n (CJNG), la FGR ha informado que apelar\u00e1 contra las personas que presuntamente ayudaron a Oseguera Cervantes a obtener su libertad del penal de m\u00e1xima seguridad Almoloya de Ju\u00e1rez.<\/p>\n\n\n\n<p>El pasado 28 de abril, un juez orden\u00f3 liberar de inmediato a Abraham Oseguera, al considerar que su forma de detenci\u00f3n result\u00f3 contradictoria a lo expuesto por la autoridad en su Informe Policial, es decir, seg\u00fan el magistrado no se pudo comprobar que la captura del l\u00edder del CJNG ocurri\u00f3 c\u00f3mo dijeron los uniformados.<\/p>\n\n\n\n<p>\u2018El Juez que decret\u00f3 la libertad de dicha persona soslay\u00f3 y dej\u00f3 de valorar las acusaciones por los delitos graves en contra de Abraham \u201cO\u201d&#8217;, se\u00f1al\u00f3 la FGR.&nbsp;<\/p>\n\n\n\n<p>Asimismo expres\u00f3 que la salida de \u2018Don Rodo\u2019 \u201ces una muestra m\u00e1s de los constantes criterios parciales e incongruentes de autoridades judiciales, que no deben quedar al arbitrio de una persona; y s\u00ed deben estar estrictamente determinados por la ley, como lo se\u00f1ala el art\u00edculo 19 de la Constituci\u00f3n General de la Rep\u00fablica\u201d.<\/p>\n\n\n\n<p>La liberaci\u00f3n del supuesto l\u00edder criminal enmarc\u00f3 el conflicto del Presidente Andr\u00e9s Manuel L\u00f3pez Obrador con el Poder Judicial. El mandatario federal ha pedido retrasar la salida de \u2018Don Rodo\u2019 de la prisi\u00f3n del Estado de M\u00e9xico.<\/p>\n\n\n\n<p>\u00bfPOR QU\u00c9?<\/p>\n\n\n\n<p>El pasado 21 de abril, Abraham Oseguera Cervantes fue detenido en el municipio Autl\u00e1n de Navarro, en Jalisco, acusado de narcotr\u00e1fico.<\/p>\n\n\n\n<p>La captura de este presunto l\u00edder criminal signific\u00f3 un golpe importante a la estructura del CJNG, ya que se le considera uno de los principales coordinadores de las operaciones log\u00edsticas y financieras, dedicado al lavado de dinero y encargado del tr\u00e1fico y venta de drogas para la organizaci\u00f3n delictiva de Jalisco.<\/p>\n\n\n\n<p>Sin embargo, la decisi\u00f3n del juez sobre ordenar su libertad, signific\u00f3 otra derrota frente al narco. En su defensa, el juez argument\u00f3 que el relato de los uniformados sobre la detenci\u00f3n de \u2018Don Rodo\u2019 presentaba irregularidades.<\/p>\n\n\n\n<p>La semana pasada, familiares del l\u00edder del CJNG presentaron un video que logr\u00f3 desvirtuar el relato de la detenci\u00f3n. La grabaci\u00f3n muestra a los elementos de la Guardia Nacional llegar a una casa sola, donde se encontraba \u2018Don Rodo\u2019, quien fue sacado y posteriormente detenido.<\/p>\n\n\n\n<p>Los uniformados, sin embargo, aseguraron que mientras patrullaban el fraccionamiento de la colonia Rodr\u00edguez Alcaine vieron a tres hombres armados ingresar a una casa, uno de ellos \u2018Don Rodo\u2019, por lo que catearon el sitio y los capturaron.<\/p>\n\n\n\n<p>(Informaci\u00f3n de \u201cEl Financiero\u201d)<\/p>\n","protected":false},"excerpt":{"rendered":"<p>Redacci\u00f3n\/Zona Roja Cdmx. Ciudad de M\u00e9xico, a 30 de abril de 2024.- La Fiscal\u00eda General&hellip;<\/p>\n","protected":false},"author":2,"featured_media":67801,"comment_status":"closed","ping_status":"open","sticky":false,"template":"","format":"standard","meta":{"_lmt_disableupdate":"","_lmt_disable":"","_jetpack_memberships_contains_paid_content":false,"footnotes":""},"categories":[1],"tags":[],"class_list":["post-67800","post","type-post","status-publish","format-standard","has-post-thumbnail","hentry","category-sin-categoria"],"jetpack_featured_media_url":"https:\/\/zonaroja.com.mx\/wp-content\/uploads\/2024\/04\/Libertad-don-Rodo-hermano-de-El-Mencho.jpg","jetpack_sharing_enabled":true,"_links":{"self":[{"href":"https:\/\/zonaroja.com.mx\/index.php?rest_route=\/wp\/v2\/posts\/67800","targetHints":{"allow":["GET"]}}],"collection":[{"href":"https:\/\/zonaroja.com.mx\/index.php?rest_route=\/wp\/v2\/posts"}],"about":[{"href":"https:\/\/zonaroja.com.mx\/index.php?rest_route=\/wp\/v2\/types\/post"}],"author":[{"embeddable":true,"href":"https:\/\/zonaroja.com.mx\/index.php?rest_route=\/wp\/v2\/users\/2"}],"replies":[{"embeddable":true,"href":"https:\/\/zonaroja.com.mx\/index.php?rest_route=%2Fwp%2Fv2%2Fcomments&post=67800"}],"version-history":[{"count":1,"href":"https:\/\/zonaroja.com.mx\/index.php?rest_route=\/wp\/v2\/posts\/67800\/revisions"}],"predecessor-version":[{"id":67802,"href":"https:\/\/zonaroja.com.mx\/index.php?rest_route=\/wp\/v2\/posts\/67800\/revisions\/67802"}],"wp:featuredmedia":[{"embeddable":true,"href":"https:\/\/zonaroja.com.mx\/index.php?rest_route=\/wp\/v2\/media\/67801"}],"wp:attachment":[{"href":"https:\/\/zonaroja.com.mx\/index.php?rest_route=%2Fwp%2Fv2%2Fmedia&parent=67800"}],"wp:term":[{"taxonomy":"category","embeddable":true,"href":"https:\/\/zonaroja.com.mx\/index.php?rest_route=%2Fwp%2Fv2%2Fcategories&post=67800"},{"taxonomy":"post_tag","embeddable":true,"href":"https:\/\/zonaroja.com.mx\/index.php?rest_route=%2Fwp%2Fv2%2Ftags&post=67800"}],"curies":[{"name":"wp","href":"https:\/\/api.w.org\/{rel}","templated":true}]}}