{"id":67807,"date":"2024-04-30T09:29:00","date_gmt":"2024-04-30T15:29:00","guid":{"rendered":"https:\/\/zonaroja.com.mx\/?p=67807"},"modified":"2024-04-30T06:49:53","modified_gmt":"2024-04-30T12:49:53","slug":"situacion-insostenible-en-hospital-de-especialidades-de-oaxaca-paran-labores","status":"publish","type":"post","link":"https:\/\/zonaroja.com.mx\/?p=67807","title":{"rendered":"\u201cSituaci\u00f3n insostenible\u201d en Hospital de Especialidades de Oaxaca; paran labores"},"content":{"rendered":"\n<p>Ismael Garc\u00eda M.\/Zona Roja.<\/p>\n\n\n\n<p>Oaxaca de Ju\u00e1rez, Oax., a 30 de abril de 2024.- Por considerar que la crisis en el Hospital Regional de Alta Especialidad de Oaxaca es una \u201csituaci\u00f3n insostenible\u201d, trabajadores sindicalizados determinaron realizar un paro de labores.<\/p>\n\n\n\n<p>Ayer, en la mayor\u00eda de los espacios de ese nosocomio, dependiente del IMSS Bienestar, colocaron cartulinas con diversas denuncias y exigencias: \u201cAl personal quir\u00fargico: hemos operado a temperaturas de hasta 37\u00b0 c. Seg\u00fan las normas quir\u00fargicas mayor de 21\u00b0 C es proliferaci\u00f3n bacteriana; mayor a 23\u00b0 es contaminaci\u00f3n\u201d.<\/p>\n\n\n\n<p>\u201cNecesitamos condiciones laborales adecuadas, para la atenci\u00f3n \u00f3ptima de pacientes quir\u00fargicos\u201d. \u201c\u00a1Exigimos! Pronta soluci\u00f3n al \u00e1rea climatizada del quir\u00f3fano\u201d.&nbsp;<\/p>\n\n\n\n<p>Tras ello, el comit\u00e9 ejecutivo seccional n\u00famero 96, del Sindicato Nacional de Trabajadores de la Secretar\u00eda de Salud, que encabeza Omar Jos\u00e9 P\u00e9rez, emiti\u00f3 un comunicado.<\/p>\n\n\n\n<p>\u201cLe informamos a la base trabajadora que debido a la falta de condiciones por las altas temperaturas en las salas de quir\u00f3fano, se tom\u00f3 la decisi\u00f3n con el personal operativo del \u00e1rea de parar actividades hasta que haya una soluci\u00f3n y existan las condiciones necesarias para continuar con las cirug\u00edas programadas.<\/p>\n\n\n\n<p>\u201cCabe mencionar que las cirug\u00edas de urgencias se atender\u00e1n normalmente siempre y cuando sean valoradas y que se consideren urgentes realmente; de esta decisi\u00f3n ya est\u00e1n enteradas las autoridades del IMSS Bienestar a trav\u00e9s de un documento que emitido por este CES 96 y del cual se remiti\u00f3 una copia a nuestro Comit\u00e9 Ejecutivo Nacional para evitar cualquier situaci\u00f3n jur\u00eddico legal que pudiese afectar a nuestros compa\u00f1eros del \u00e1rea quir\u00fargica\u201d.<\/p>\n\n\n\n<p>Asimismo, el \u00e1rea de imagenolog\u00eda solo atender\u00e1 estudios urgentes y de pacientes hospitalizados de manera pausada ya que, los equipos requieren de una estricta temperatura para su funcionamiento y evitar as\u00ed un da\u00f1o mayor.&nbsp;<\/p>\n\n\n\n<p>\u201cEn todo momento la base trabajadora ha demostrado \u00e9tica, profesionalismo y empat\u00eda hac\u00eda los usuarios, sin embargo esta situaci\u00f3n ya es insostenible y est\u00e1 de por medio la seguridad de los propios usuarios\u201d, puntualiz\u00f3.<\/p>\n\n\n\n<p>La dirigencia sindical hizo un llamado a las autoridades del IMSS Bienestar para que se atiendan de manera inmediata la problem\u00e1tica que afronta la instituci\u00f3n, entre ellas la falta de insumos y medicamentos.<\/p>\n","protected":false},"excerpt":{"rendered":"<p>Ismael Garc\u00eda M.\/Zona Roja. Oaxaca de Ju\u00e1rez, Oax., a 30 de abril de 2024.- Por&hellip;<\/p>\n","protected":false},"author":2,"featured_media":67808,"comment_status":"closed","ping_status":"open","sticky":false,"template":"","format":"standard","meta":{"_lmt_disableupdate":"","_lmt_disable":"","_jetpack_memberships_contains_paid_content":false,"footnotes":""},"categories":[109,47],"tags":[1572],"class_list":["post-67807","post","type-post","status-publish","format-standard","has-post-thumbnail","hentry","category-minuto-a-minuto","category-zona-gris","tag-hospital-regional-de-alta-especialidad-oaxaca"],"jetpack_featured_media_url":"https:\/\/zonaroja.com.mx\/wp-content\/uploads\/2024\/04\/Protesta-hospital-de-especialidades-Oaxaca.jpg","jetpack_sharing_enabled":true,"_links":{"self":[{"href":"https:\/\/zonaroja.com.mx\/index.php?rest_route=\/wp\/v2\/posts\/67807","targetHints":{"allow":["GET"]}}],"collection":[{"href":"https:\/\/zonaroja.com.mx\/index.php?rest_route=\/wp\/v2\/posts"}],"about":[{"href":"https:\/\/zonaroja.com.mx\/index.php?rest_route=\/wp\/v2\/types\/post"}],"author":[{"embeddable":true,"href":"https:\/\/zonaroja.com.mx\/index.php?rest_route=\/wp\/v2\/users\/2"}],"replies":[{"embeddable":true,"href":"https:\/\/zonaroja.com.mx\/index.php?rest_route=%2Fwp%2Fv2%2Fcomments&post=67807"}],"version-history":[{"count":1,"href":"https:\/\/zonaroja.com.mx\/index.php?rest_route=\/wp\/v2\/posts\/67807\/revisions"}],"predecessor-version":[{"id":67809,"href":"https:\/\/zonaroja.com.mx\/index.php?rest_route=\/wp\/v2\/posts\/67807\/revisions\/67809"}],"wp:featuredmedia":[{"embeddable":true,"href":"https:\/\/zonaroja.com.mx\/index.php?rest_route=\/wp\/v2\/media\/67808"}],"wp:attachment":[{"href":"https:\/\/zonaroja.com.mx\/index.php?rest_route=%2Fwp%2Fv2%2Fmedia&parent=67807"}],"wp:term":[{"taxonomy":"category","embeddable":true,"href":"https:\/\/zonaroja.com.mx\/index.php?rest_route=%2Fwp%2Fv2%2Fcategories&post=67807"},{"taxonomy":"post_tag","embeddable":true,"href":"https:\/\/zonaroja.com.mx\/index.php?rest_route=%2Fwp%2Fv2%2Ftags&post=67807"}],"curies":[{"name":"wp","href":"https:\/\/api.w.org\/{rel}","templated":true}]}}