{"id":67810,"date":"2024-04-30T10:30:00","date_gmt":"2024-04-30T16:30:00","guid":{"rendered":"https:\/\/zonaroja.com.mx\/?p=67810"},"modified":"2024-04-30T07:25:45","modified_gmt":"2024-04-30T13:25:45","slug":"no-es-bueno-afectar-a-los-ninos-a-las-ninas-en-la-educacion-jara-cruz","status":"publish","type":"post","link":"https:\/\/zonaroja.com.mx\/?p=67810","title":{"rendered":"\u201cNo es bueno afectar a los ni\u00f1os, a las ni\u00f1as, en la educaci\u00f3n\u201d: Jara Cruz"},"content":{"rendered":"\n<p>Ismael Garc\u00eda M.\/Zona Roja.<\/p>\n\n\n\n<p>Oaxaca de Ju\u00e1rez, Oax., a 30 de abril de 2025.- Ante las movilizaciones y paro de labores que anunci\u00f3 la Secci\u00f3n 22 del Sindicato Nacional de Trabajadores de la Educaci\u00f3n, el gobernador Salom\u00f3n Jara Cruz llam\u00f3 al magisterio a no afectar a la educaci\u00f3n.<\/p>\n\n\n\n<p>En su conferencia de prensa de este lunes, consider\u00f3 que hay avances \u201cmuy importantes, los que nunca se hab\u00edan tenido con anterioridad en los gobiernos neoliberales\u201d, en las mesas de negociaci\u00f3n, en que en cuatro ocasiones ha encabezado personalmente el Presidente Andr\u00e9s Manuel L\u00f3pez Obrador.<\/p>\n\n\n\n<p>\u201cNosotros invitamos a que sigamos por esa ruta y que las bases, los padres de familia, tengan conocimiento que se les ha atendido bien, que no es bueno afectar a los ni\u00f1os, a las ni\u00f1as en la educaci\u00f3n\u201d, manifest\u00f3.<\/p>\n\n\n\n<p>Luego rese\u00f1\u00f3 las \u00e9pocas de represi\u00f3n en gobiernos anteriores en contra del magisterio oaxaque\u00f1o:<\/p>\n\n\n\n<p>\u201cEran encarcelamiento, era hasta llevarlos a las penitenciar\u00edas de m\u00e1xima seguridad, como se hizo con el profesor Rub\u00e9n N\u00fa\u00f1ez y con otros dirigentes, invent\u00e1ndoles ah\u00ed delitos de que ellos ten\u00edan una riqueza inexplicable, as\u00ed se actuaba antes.<\/p>\n\n\n\n<p>\u201cPor eso los maestros se manifestaban, se iban a paro, hab\u00eda justificaci\u00f3n; se asesinaba a maestros, se reprim\u00eda y se ten\u00eda una cacique, la profesora Elba Esther Gordillo, la manten\u00edan a fuerza para que siguiera el control del magisterio\u201d.<\/p>\n\n\n\n<p>Ahora, insisti\u00f3 Jara Cruz, hay di\u00e1logo permanente con la intervenci\u00f3n del Presidente de M\u00e9xico y \u201cno se hace en lo oscurito, no se hace a escondidas, se hace p\u00fablico y los maestros hasta \u2018coberturan\u2019 este tipo de di\u00e1logos, pl\u00e1ticas\u201d.<\/p>\n\n\n\n<p>Em seguida record\u00f3 que Oaxaca no puede seguir en los \u00faltimos lugares en formaci\u00f3n acad\u00e9mica, habiendo mucho talento, mucha capacidad.<\/p>\n\n\n\n<p>Remarc\u00f3 su convicci\u00f3n hacia las escuelas p\u00fablicas \u201cy yo tengo la seguridad que nos vamos a ayudar; padres de familia, maestras y maestros y autoridades, para que hagamos equipo y saquemos adelante a Oaxaca\u201d.<\/p>\n\n\n\n<p>Sostuvo que el estado no puede seguir en los \u00faltimos lugares o en analfabetismo; \u201ceso no es correcto, esa es una deuda que tiene el Estado y este gobierno se ha propuesto que ya no ocupemos el tercer lugar ni el cuarto ni el quinto, sino que erradiquemos el analfabetismo en Oaxaca y ese trabajo lo vamos a ser con todo el cari\u00f1o y el amor\u201d.<\/p>\n\n\n\n<p>Este 1 de mayo, la Secci\u00f3n 22 del SNTE realizar\u00e1 una marcha masiva en la capital, en el marco del D\u00eda del Trabajo, y para entregar su pliego petitorio.<\/p>\n\n\n\n<p>El 15 de mayo, acord\u00f3 con la Coordinadora Nacional de Trabajadores de la Educaci\u00f3n iniciar un paro indefinido de labores.<\/p>\n","protected":false},"excerpt":{"rendered":"<p>Ismael Garc\u00eda M.\/Zona Roja. Oaxaca de Ju\u00e1rez, Oax., a 30 de abril de 2025.- Ante&hellip;<\/p>\n","protected":false},"author":2,"featured_media":67811,"comment_status":"closed","ping_status":"open","sticky":false,"template":"","format":"standard","meta":{"_lmt_disableupdate":"","_lmt_disable":"","_jetpack_memberships_contains_paid_content":false,"footnotes":""},"categories":[109,46],"tags":[939],"class_list":["post-67810","post","type-post","status-publish","format-standard","has-post-thumbnail","hentry","category-minuto-a-minuto","category-zona-blanca","tag-salomon-jara-cruz"],"jetpack_featured_media_url":"https:\/\/zonaroja.com.mx\/wp-content\/uploads\/2024\/04\/Conferencia-de-prensa-gobernador-Salomon-Jara.jpeg","jetpack_sharing_enabled":true,"_links":{"self":[{"href":"https:\/\/zonaroja.com.mx\/index.php?rest_route=\/wp\/v2\/posts\/67810","targetHints":{"allow":["GET"]}}],"collection":[{"href":"https:\/\/zonaroja.com.mx\/index.php?rest_route=\/wp\/v2\/posts"}],"about":[{"href":"https:\/\/zonaroja.com.mx\/index.php?rest_route=\/wp\/v2\/types\/post"}],"author":[{"embeddable":true,"href":"https:\/\/zonaroja.com.mx\/index.php?rest_route=\/wp\/v2\/users\/2"}],"replies":[{"embeddable":true,"href":"https:\/\/zonaroja.com.mx\/index.php?rest_route=%2Fwp%2Fv2%2Fcomments&post=67810"}],"version-history":[{"count":1,"href":"https:\/\/zonaroja.com.mx\/index.php?rest_route=\/wp\/v2\/posts\/67810\/revisions"}],"predecessor-version":[{"id":67812,"href":"https:\/\/zonaroja.com.mx\/index.php?rest_route=\/wp\/v2\/posts\/67810\/revisions\/67812"}],"wp:featuredmedia":[{"embeddable":true,"href":"https:\/\/zonaroja.com.mx\/index.php?rest_route=\/wp\/v2\/media\/67811"}],"wp:attachment":[{"href":"https:\/\/zonaroja.com.mx\/index.php?rest_route=%2Fwp%2Fv2%2Fmedia&parent=67810"}],"wp:term":[{"taxonomy":"category","embeddable":true,"href":"https:\/\/zonaroja.com.mx\/index.php?rest_route=%2Fwp%2Fv2%2Fcategories&post=67810"},{"taxonomy":"post_tag","embeddable":true,"href":"https:\/\/zonaroja.com.mx\/index.php?rest_route=%2Fwp%2Fv2%2Ftags&post=67810"}],"curies":[{"name":"wp","href":"https:\/\/api.w.org\/{rel}","templated":true}]}}