{"id":67816,"date":"2024-04-30T13:29:00","date_gmt":"2024-04-30T19:29:00","guid":{"rendered":"https:\/\/zonaroja.com.mx\/?p=67816"},"modified":"2024-04-30T07:30:21","modified_gmt":"2024-04-30T13:30:21","slug":"la-violencia-ya-esta-presente-en-estados-donde-no-habia-reconoce-amlo","status":"publish","type":"post","link":"https:\/\/zonaroja.com.mx\/?p=67816","title":{"rendered":"La violencia ya est\u00e1 presente en estados donde no hab\u00eda, reconoce AMLO"},"content":{"rendered":"\n<p>Redacci\u00f3n\/Zona Roja Cdmx.<\/p>\n\n\n\n<p>Ciudad de M\u00e9xico, a 30 de abril de 2024.- En la recta final de su sexenio, el presidente Andr\u00e9s Manuel L\u00f3pez Obrador reconoci\u00f3 que la violencia se ha extendido a entidades donde antes no hab\u00eda inseguridad como Chiapas y Tabasco, sin embargo, asegur\u00f3 que su gobierno trabaja en reforzar la seguridad y atender las causas para combatir el problema de fondo.<\/p>\n\n\n\n<p>\u201cHay estados en donde no hab\u00eda tanta presencia de la delincuencia y ahora hay m\u00e1s y otros en donde, como vimos Tamaulipas, donde ha bajado la incidencia delictiva. Son los movimientos, muchas veces son las confrontaciones entre grupos que est\u00e1n, uno o dos grupos y luego llega a otro y empiezan enfrentarse y eso produce esta situaci\u00f3n\u201d, explic\u00f3 el presidente L\u00f3pez Obrador.<\/p>\n\n\n\n<p>Adem\u00e1s de ser el sexenio m\u00e1s violento de la historia de M\u00e9xico con m\u00e1s de 180,000 homicidios dolosos, en el gobierno de Andr\u00e9s Manuel L\u00f3pez Obrador la violencia se ha extendido a entidades como Chiapas, Tabasco, Quintana Roo y Zacatecas. En esta administraci\u00f3n esos estados estuvieron marcados por episodios como desaparici\u00f3n de j\u00f3venes, enfrentamientos, desplazamientos, bloqueos y homicidios.<\/p>\n\n\n\n<p>El presidente, quien ha sido criticado por su frase de \u201cabrazos, no balazos\u201d, afirm\u00f3 que su estrategia para enfrentar la violencia es atender las causas que originan la violencia.<\/p>\n\n\n\n<p>\u201cDe ah\u00ed que nuestra estrategia m\u00e1s importante para garantizar la paz sea atender las causas, que no se desintegren las familias, que mejoren los ingresos de los mexicanos, que haya trabajo, que los j\u00f3venes tengan acceso a la educaci\u00f3n, que se fortalezcan valores, que se haga a un lado el individualismo, el materialismo, el ego\u00edsmo, el lujo barato. Que se entienda que la felicidad es estar bien con uno mismo, estar bien con nuestra conciencia, estar bien con el pr\u00f3jimo\u201d, coment\u00f3.<\/p>\n\n\n\n<p>L\u00f3pez Obrador asegur\u00f3 que su obligaci\u00f3n como gobierno es combatir la violencia, por lo que se ha reforzado la seguridad en entidades que as\u00ed lo requieren. En su momento fue Guerrero con 10,000 elementos de la Guardia Nacional, ahora lo es Tabasco.<\/p>\n\n\n\n<p>\u201cHay un en grupo especial de cerca de 1,000 elementos en Tabasco y van a llegar m\u00e1s a Quintana Roo. Estamos actuando, nada m\u00e1s imaginen que estamos construyendo cuarteles para la Guardia Nacional en cada estaci\u00f3n del Tren Maya. Va a haber vigilancia en helic\u00f3ptero, estamos fortaleciendo toda la seguridad del sureste\u201d, coment\u00f3.<\/p>\n\n\n\n<p>El presidente destac\u00f3 que de lunes a viernes realiza una reuni\u00f3n de seguridad, lo cual no sucedi\u00f3 con otros presidentes.<\/p>\n\n\n\n<p>\u201cAntes los presidentes, y ofrezco disculpas, como hay tanta amnesia, se enteraban cada semana de lo que suced\u00eda en materia de seguridad. A veces cada 15 d\u00edas o cuando era una cosa grav\u00edsima. Ahora no, ahora el presidente, todos los d\u00edas de seis a siete de la ma\u00f1ana, y d\u00e9jenme presumir ya que andamos en ese terreno de las vanidades del egocentrismo, no hay nadie en el mundo que lo haga, ning\u00fan presidente pero est\u00e1 dif\u00edcil\u201d, destac\u00f3.<\/p>\n\n\n\n<p>Sobre la liberaci\u00f3n de Abraham Oseguera, alias \u00abEl Rodo\u00bb, quien es hermano del l\u00edder del Cartel Jalisco Nueva Generaci\u00f3n (CJNG), el presidente L\u00f3pez Obrador pidi\u00f3 tiempo al Poder Judicial.<\/p>\n\n\n\n<p>\u00abEntonces nada m\u00e1s que nos d\u00e9 la oportunidad el Poder Judicial, porque este es un asunto de Estado. \u00bfC\u00f3mo queda M\u00e9xico? \u00bfC\u00f3mo quedan las instituciones? Aunque se trate del Poder Judicial, aunque se trate de un juez, es el prestigio de la Naci\u00f3n del Estado mexicano, nosotros no podemos ser burla de nadie\u201d.<\/p>\n\n\n\n<p>(Informaci\u00f3n de \u201cExpansi\u00f3n Pol\u00edtica\u201d)<\/p>\n","protected":false},"excerpt":{"rendered":"<p>Redacci\u00f3n\/Zona Roja Cdmx. Ciudad de M\u00e9xico, a 30 de abril de 2024.- En la recta&hellip;<\/p>\n","protected":false},"author":2,"featured_media":64827,"comment_status":"closed","ping_status":"open","sticky":false,"template":"","format":"standard","meta":{"_lmt_disableupdate":"","_lmt_disable":"","_jetpack_memberships_contains_paid_content":false,"footnotes":""},"categories":[109,47],"tags":[143],"class_list":["post-67816","post","type-post","status-publish","format-standard","has-post-thumbnail","hentry","category-minuto-a-minuto","category-zona-gris","tag-andres-manuel-lopez-obrador"],"jetpack_featured_media_url":"https:\/\/zonaroja.com.mx\/wp-content\/uploads\/2024\/01\/Andres-Manuel-Lopez-Obrador-conferencia.jpeg","jetpack_sharing_enabled":true,"_links":{"self":[{"href":"https:\/\/zonaroja.com.mx\/index.php?rest_route=\/wp\/v2\/posts\/67816","targetHints":{"allow":["GET"]}}],"collection":[{"href":"https:\/\/zonaroja.com.mx\/index.php?rest_route=\/wp\/v2\/posts"}],"about":[{"href":"https:\/\/zonaroja.com.mx\/index.php?rest_route=\/wp\/v2\/types\/post"}],"author":[{"embeddable":true,"href":"https:\/\/zonaroja.com.mx\/index.php?rest_route=\/wp\/v2\/users\/2"}],"replies":[{"embeddable":true,"href":"https:\/\/zonaroja.com.mx\/index.php?rest_route=%2Fwp%2Fv2%2Fcomments&post=67816"}],"version-history":[{"count":1,"href":"https:\/\/zonaroja.com.mx\/index.php?rest_route=\/wp\/v2\/posts\/67816\/revisions"}],"predecessor-version":[{"id":67817,"href":"https:\/\/zonaroja.com.mx\/index.php?rest_route=\/wp\/v2\/posts\/67816\/revisions\/67817"}],"wp:featuredmedia":[{"embeddable":true,"href":"https:\/\/zonaroja.com.mx\/index.php?rest_route=\/wp\/v2\/media\/64827"}],"wp:attachment":[{"href":"https:\/\/zonaroja.com.mx\/index.php?rest_route=%2Fwp%2Fv2%2Fmedia&parent=67816"}],"wp:term":[{"taxonomy":"category","embeddable":true,"href":"https:\/\/zonaroja.com.mx\/index.php?rest_route=%2Fwp%2Fv2%2Fcategories&post=67816"},{"taxonomy":"post_tag","embeddable":true,"href":"https:\/\/zonaroja.com.mx\/index.php?rest_route=%2Fwp%2Fv2%2Ftags&post=67816"}],"curies":[{"name":"wp","href":"https:\/\/api.w.org\/{rel}","templated":true}]}}