{"id":6782,"date":"2019-12-18T19:10:11","date_gmt":"2019-12-19T01:10:11","guid":{"rendered":"http:\/\/www.zonaroja.com.mx\/?p=6782"},"modified":"2019-12-18T19:10:36","modified_gmt":"2019-12-19T01:10:36","slug":"separan-concursos-de-flor-inmortal-y-de-totomoxtle-con-el-de-rabanos","status":"publish","type":"post","link":"https:\/\/zonaroja.com.mx\/?p=6782","title":{"rendered":"Separan concursos de flor inmortal y de totomoxtle con el de r\u00e1banos"},"content":{"rendered":"\n<p>Redacci\u00f3n\/Zona Roja.<\/p>\n\n\n\n<p>Oaxaca de Ju\u00e1rez, Oax., 18 de diciembre\nde 2019.- Bajo el argumento de ampliar las fiestas tradicionales de fin de a\u00f1o,\nel ayuntamiento de Oaxaca de Ju\u00e1rez, inform\u00f3 la separaci\u00f3n del concurso de flor\ninmortal y de totomoxtle, que se efectuar\u00e1 el d\u00eda 22 de diciembre, con el de\nr\u00e1banos, que se celebra el d\u00eda 23.<\/p>\n\n\n\n<p>La Direcci\u00f3n de Cultura y Turismo explic\u00f3\nen un comunicado que el objetivo de que este certamen se realice el 22 de\ndiciembre es para que los espectadores puedan apreciar, de una mejor manera,\nlas obras de los 40 inscritos en las categor\u00edas de figuras de totomoxte y flor inmortal.<\/p>\n\n\n\n<p>\u201cAdem\u00e1s, con esto se busca fomentar la\nafluencia tur\u00edstica y detonar la econom\u00eda local de la Verde Antequera,\npromoviendo las ra\u00edces culturales que dan identidad a los oaxaque\u00f1os\u201d, detall\u00f3.<\/p>\n\n\n\n<p>Indic\u00f3 que otra de las novedades es que\neste a\u00f1o se contar\u00e1 con la categor\u00eda de figuras de r\u00e1banos art\u00edsticas, en la\nque se encuentran inscritas 28&nbsp; personas,\ny la cual se refiere a la presentaci\u00f3n de trabajos que contengan temas de\nexpresiones contempor\u00e1neas del arte.<\/p>\n\n\n\n<p>Dijo que en esta modalidad los trabajos\ndeber\u00e1n elaborarse utilizando como elemento preponderante el r\u00e1bano, la obra\npresentada deber\u00e1 utilizar como m\u00ednimo un 90 por ciento del espacio f\u00edsico\nasignado, las creaciones podr\u00e1n estar complementadas con materiales y elementos\nadicionales de origen natural y pinturas o anilinas.<\/p>\n\n\n\n<p>A\u00f1adi\u00f3 que durante la edici\u00f3n de 2019\nse contar\u00e1 con 147 participantes en general, de los cuales 60 tomar\u00e1n parte en\nla Noche de R\u00e1banos en las categor\u00edas destinadas a los adultos, mientras que 47\nestar\u00e1n en la categor\u00eda infantil, adem\u00e1s que 32 participar\u00e1n&nbsp; en el certamen de Figuras en Totomoxtle y ocho\npara el rubro de Flor Inmortal.<\/p>\n\n\n\n<p>Cultura y Turismo municipal destac\u00f3 que\nadem\u00e1s el 22 de diciembre, a partir de las 15:00 horas, iniciar\u00e1n una serie de\npresentaciones musicales con la participaci\u00f3n de la Tuna del Instituto\nTecnol\u00f3gico de Oaxaca, la Banda \u201cHerencia Musical\u201d, adem\u00e1s est\u00e1 programado el\nencuentro de estudiantinas de la UABJO, de Real de Antequera y proveniente de\nZimatl\u00e1n de \u00c1lvarez; as\u00ed como la presentaci\u00f3n del cantante To\u00f1o Cisneros y la\nmarimba \u201cHermanos Palacios\u201d.<\/p>\n\n\n\n<p>La Noche de R\u00e1banos, que este a\u00f1o\ncumple 122 a\u00f1os de celebrarse, como ya es una tradici\u00f3n se llevar\u00e1 a cabo el 23\nde diciembre, dar\u00e1 inicio a las 07:00 horas con la recepci\u00f3n y colocaci\u00f3n de\nlos participantes del concurso de figuras en las categor\u00edas infantil y adultos,\nadem\u00e1s, indic\u00f3 que se prev\u00e9 que el jurado calificador realice su recorrido a\npartir de las 13:00 horas.<\/p>\n\n\n\n<p>Los visitantes que deseen admirar estas\nobras y visitar los locales, lo podr\u00e1n realizar a partir de las 15:00 horas del\n23 de diciembre, para despu\u00e9s poder disfrutar de un concierto ofrecido por el\nCoro de la Ciudad, que dar\u00e1 inicio a las 18:30 horas, adem\u00e1s de otros recitales\nque se ofrecer\u00e1n en diversos horarios, en el coraz\u00f3n de la Verde Antequera.<\/p>\n","protected":false},"excerpt":{"rendered":"<p>Redacci\u00f3n\/Zona Roja. Oaxaca de Ju\u00e1rez, Oax., 18 de diciembre de 2019.- Bajo el argumento de&hellip;<\/p>\n","protected":false},"author":2,"featured_media":6783,"comment_status":"closed","ping_status":"open","sticky":false,"template":"","format":"standard","meta":{"_lmt_disableupdate":"","_lmt_disable":"","_jetpack_memberships_contains_paid_content":false,"footnotes":""},"categories":[109,46],"tags":[1152,148],"class_list":["post-6782","post","type-post","status-publish","format-standard","has-post-thumbnail","hentry","category-minuto-a-minuto","category-zona-blanca","tag-noche-de-rabanos","tag-oaxaca-de-juarez"],"jetpack_featured_media_url":"https:\/\/zonaroja.com.mx\/wp-content\/uploads\/2019\/12\/noche-r\u00e1banos.jpg","jetpack_sharing_enabled":true,"_links":{"self":[{"href":"https:\/\/zonaroja.com.mx\/index.php?rest_route=\/wp\/v2\/posts\/6782","targetHints":{"allow":["GET"]}}],"collection":[{"href":"https:\/\/zonaroja.com.mx\/index.php?rest_route=\/wp\/v2\/posts"}],"about":[{"href":"https:\/\/zonaroja.com.mx\/index.php?rest_route=\/wp\/v2\/types\/post"}],"author":[{"embeddable":true,"href":"https:\/\/zonaroja.com.mx\/index.php?rest_route=\/wp\/v2\/users\/2"}],"replies":[{"embeddable":true,"href":"https:\/\/zonaroja.com.mx\/index.php?rest_route=%2Fwp%2Fv2%2Fcomments&post=6782"}],"version-history":[{"count":1,"href":"https:\/\/zonaroja.com.mx\/index.php?rest_route=\/wp\/v2\/posts\/6782\/revisions"}],"predecessor-version":[{"id":6784,"href":"https:\/\/zonaroja.com.mx\/index.php?rest_route=\/wp\/v2\/posts\/6782\/revisions\/6784"}],"wp:featuredmedia":[{"embeddable":true,"href":"https:\/\/zonaroja.com.mx\/index.php?rest_route=\/wp\/v2\/media\/6783"}],"wp:attachment":[{"href":"https:\/\/zonaroja.com.mx\/index.php?rest_route=%2Fwp%2Fv2%2Fmedia&parent=6782"}],"wp:term":[{"taxonomy":"category","embeddable":true,"href":"https:\/\/zonaroja.com.mx\/index.php?rest_route=%2Fwp%2Fv2%2Fcategories&post=6782"},{"taxonomy":"post_tag","embeddable":true,"href":"https:\/\/zonaroja.com.mx\/index.php?rest_route=%2Fwp%2Fv2%2Ftags&post=6782"}],"curies":[{"name":"wp","href":"https:\/\/api.w.org\/{rel}","templated":true}]}}