{"id":67840,"date":"2024-04-30T21:03:54","date_gmt":"2024-05-01T03:03:54","guid":{"rendered":"https:\/\/zonaroja.com.mx\/?p=67840"},"modified":"2024-04-30T21:03:56","modified_gmt":"2024-05-01T03:03:56","slug":"con-planilla-conformada-en-su-mayoria-por-mujeres-garcia-marquez-inicia-campana","status":"publish","type":"post","link":"https:\/\/zonaroja.com.mx\/?p=67840","title":{"rendered":"Con planilla conformada en su mayor\u00eda por mujeres, Garc\u00eda M\u00e1rquez inicia campa\u00f1a"},"content":{"rendered":"\n<p>Raymundo Morales\/Zona Roja.<\/p>\n\n\n\n<p>Santa Luc\u00eda del Camino, Oax., a 30 de abril de 2024.- Con la presentaci\u00f3n de su planilla integrada en su mayor\u00eda por mujeres y j\u00f3venes, Juan Carlos Garc\u00eda M\u00e1rquez inici\u00f3 su campa\u00f1a por la presidencia municipal de Santa Luc\u00eda del Camino.<\/p>\n\n\n\n<p>Est\u00e1 integrada por Jaqueline Tejada, Abi Aguilar, Lilian Sumano, Diana Maldonado, Miriam Cort\u00e9s, Flavio Cort\u00e9s, Le\u00f3n Mancera y Rub\u00e9n Cruz, quienes son rostros conocidos por ya haber hecho un buen trabajo en sus diferentes encomiendas.<\/p>\n\n\n\n<p>En conferencia de prensa en su casa de campa\u00f1a, el candidato morenista Garc\u00eda M\u00e1rquez destac\u00f3 que su planilla conoce bien las soluciones que se le debe dar a la comunidad.<\/p>\n\n\n\n<p>\u201cVan a recorrer con nosotros las calles, los sectores, los fraccionamientos, para hacer las propuestas, para escuchar a las y los ciudadanos. Hace algunos d\u00edas solicit\u00e9 licencia como poder caminar de manera libre y escuchar las necesidades y los pendientes.<\/p>\n\n\n\n<p>\u201cAunque la ley no lo exig\u00eda, me parece un acto de congruencia separarse del cargo para poder contender, para poder escuchar tambi\u00e9n las quejas que pueda haber; poder caminar de lleno\u201d, dijo.<\/p>\n\n\n\n<p>Adem\u00e1s, a preguntas expresas, resalt\u00f3 los trabajos de su administraci\u00f3n en materia de seguridad, obra p\u00fablica, agua potable, entre otros temas.&nbsp;<\/p>\n\n\n\n<p>Puntualiz\u00f3 que muchos que hoy quieren ser gobierno, ya fueron servidores p\u00fablicos y poco hicieron cuando gobernaron para el bienestar de las familias de Santa Luc\u00eda del Camino.<\/p>\n\n\n\n<p>El candidato morenista Juan Carlos Garc\u00eda M\u00e1rquez va en coalici\u00f3n con los partidos Morena, Verde Ecologista y Fuerza por M\u00e9xico (\u201cSigamos Haciendo Historia\u201d) e invit\u00f3 a las y los habitantes de Santa Luc\u00eda del Camino a que salgan a votar este dos de junio.<\/p>\n\n\n\n<p>Por la tarde sostuvo un mitin en Santa Mar\u00eda Ixcotel, al que acudieron cientos de habitantes de Santa Luc\u00eda, quienes le reiteraron su respaldo.<\/p>\n\n\n\n<figure class=\"wp-block-embed is-type-rich is-provider-twitter wp-block-embed-twitter\"><div class=\"wp-block-embed__wrapper\">\n<div class=\"twitter-tweet\"><blockquote class=\"twitter-tweet\" data-lang=\"es\"><p lang=\"es\" dir=\"ltr\">2. Seguridad, una de las principales preocupaciones de la ciudadan\u00eda, se ha atendido con capacitaci\u00f3n, equipamiento y tecnolog\u00eda, pero vamos por m\u00e1s, para seguir garantizando la tranquilidad de nuestra gente, dijo <a href=\"https:\/\/twitter.com\/JC_GMarquez?ref_src=twsrc%5Etfw\">@JC_GMarquez<\/a>, al presentar sus propuestas de campa\u00f1a como\u2026 <a href=\"https:\/\/t.co\/TRvHf3Yfoe\">pic.twitter.com\/TRvHf3Yfoe<\/a><\/p>&mdash; Zona Roja Oaxaca (@ZonaRoja_Oaxaca) <a href=\"https:\/\/twitter.com\/ZonaRoja_Oaxaca\/status\/1785364242020930024?ref_src=twsrc%5Etfw\">30 de abril de 2024<\/a><\/blockquote><\/div>\n<\/div><\/figure>\n","protected":false},"excerpt":{"rendered":"<p>Raymundo Morales\/Zona Roja. Santa Luc\u00eda del Camino, Oax., a 30 de abril de 2024.- Con&hellip;<\/p>\n","protected":false},"author":2,"featured_media":67841,"comment_status":"closed","ping_status":"open","sticky":false,"template":"","format":"standard","meta":{"_lmt_disableupdate":"","_lmt_disable":"","_jetpack_memberships_contains_paid_content":false,"footnotes":""},"categories":[109,46],"tags":[2533,337],"class_list":["post-67840","post","type-post","status-publish","format-standard","has-post-thumbnail","hentry","category-minuto-a-minuto","category-zona-blanca","tag-juan-carlos-garcia-marquez","tag-santa-lucia-del-camino"],"jetpack_featured_media_url":"https:\/\/zonaroja.com.mx\/wp-content\/uploads\/2024\/04\/Inicia-campana-Juan-Carlos-Garcia-Santa-Lucia.jpg","jetpack_sharing_enabled":true,"_links":{"self":[{"href":"https:\/\/zonaroja.com.mx\/index.php?rest_route=\/wp\/v2\/posts\/67840","targetHints":{"allow":["GET"]}}],"collection":[{"href":"https:\/\/zonaroja.com.mx\/index.php?rest_route=\/wp\/v2\/posts"}],"about":[{"href":"https:\/\/zonaroja.com.mx\/index.php?rest_route=\/wp\/v2\/types\/post"}],"author":[{"embeddable":true,"href":"https:\/\/zonaroja.com.mx\/index.php?rest_route=\/wp\/v2\/users\/2"}],"replies":[{"embeddable":true,"href":"https:\/\/zonaroja.com.mx\/index.php?rest_route=%2Fwp%2Fv2%2Fcomments&post=67840"}],"version-history":[{"count":1,"href":"https:\/\/zonaroja.com.mx\/index.php?rest_route=\/wp\/v2\/posts\/67840\/revisions"}],"predecessor-version":[{"id":67842,"href":"https:\/\/zonaroja.com.mx\/index.php?rest_route=\/wp\/v2\/posts\/67840\/revisions\/67842"}],"wp:featuredmedia":[{"embeddable":true,"href":"https:\/\/zonaroja.com.mx\/index.php?rest_route=\/wp\/v2\/media\/67841"}],"wp:attachment":[{"href":"https:\/\/zonaroja.com.mx\/index.php?rest_route=%2Fwp%2Fv2%2Fmedia&parent=67840"}],"wp:term":[{"taxonomy":"category","embeddable":true,"href":"https:\/\/zonaroja.com.mx\/index.php?rest_route=%2Fwp%2Fv2%2Fcategories&post=67840"},{"taxonomy":"post_tag","embeddable":true,"href":"https:\/\/zonaroja.com.mx\/index.php?rest_route=%2Fwp%2Fv2%2Ftags&post=67840"}],"curies":[{"name":"wp","href":"https:\/\/api.w.org\/{rel}","templated":true}]}}