{"id":6785,"date":"2019-12-19T07:31:03","date_gmt":"2019-12-19T13:31:03","guid":{"rendered":"http:\/\/www.zonaroja.com.mx\/?p=6785"},"modified":"2019-12-19T07:31:06","modified_gmt":"2019-12-19T13:31:06","slug":"ante-omisiones-en-oaxaca-interviene-comision-de-victimas-en-caso-maria-elena","status":"publish","type":"post","link":"https:\/\/zonaroja.com.mx\/?p=6785","title":{"rendered":"Ante omisiones en Oaxaca, interviene Comisi\u00f3n de V\u00edctimas en caso Mar\u00eda Elena"},"content":{"rendered":"\n<p>Redacci\u00f3n\/Zona Roja Cdmx.<\/p>\n\n\n\n<p>Ciudad de M\u00e9xico, 19 de diciembre de\n2019.- Ante las omisiones y lentitud de la Fiscal\u00eda General del Estado y otras\ninstancias del gobierno de Oaxaca, la Comisi\u00f3n Ejecutiva de Atenci\u00f3n a V\u00edctimas\n(CEAV) intervino en el caso de la joven Mar\u00eda Elena R\u00edos Ortiz.<\/p>\n\n\n\n<p>\u201cEl ataque que sufri\u00f3 Mar\u00eda Elena es\nabsolutamente condenable. Desde la Comisi\u00f3n de Atenci\u00f3n a V\u00edctimas realizaremos\nun monitoreo permanente y estaremos al pendiente de las necesidades de la joven\ny de su familia, en todo momento. Necesitamos combatir la violencia contra las\nmujeres y trabajaremos arduamente en ello\u201d, dijo la titular, Mara G\u00f3mez P\u00e9rez.<\/p>\n\n\n\n<p>Indic\u00f3 que personal de la CEAV contact\u00f3\na la familia de la joven saxofonista atacada con \u00e1cido hace m\u00e1s de tres meses en\nOaxaca, con la finalidad de brindar apoyo y asesor\u00eda necesaria en este caso. <\/p>\n\n\n\n<p>Por ello, envi\u00f3 a un equipo\nmultidisciplinario al Centro Nacional de Investigaci\u00f3n y Atenci\u00f3n de Quemados\n(CENIAQ), del Instituto Nacional de Rehabilitaci\u00f3n (INR) en la Ciudad de\nM\u00e9xico, para reunirse con el padre de la v\u00edctima.<\/p>\n\n\n\n<p>La titular de la CEAV conden\u00f3 el ataque\nque sufri\u00f3 Mar\u00eda Elena R\u00edos y anticip\u00f3 que la Comisi\u00f3n a su cargo estar\u00e1 al\npendiente del caso. <\/p>\n","protected":false},"excerpt":{"rendered":"<p>Redacci\u00f3n\/Zona Roja Cdmx. Ciudad de M\u00e9xico, 19 de diciembre de 2019.- Ante las omisiones y&hellip;<\/p>\n","protected":false},"author":2,"featured_media":6786,"comment_status":"closed","ping_status":"open","sticky":false,"template":"","format":"standard","meta":{"_lmt_disableupdate":"","_lmt_disable":"","_jetpack_memberships_contains_paid_content":false,"footnotes":""},"categories":[109,47],"tags":[1153,1124],"class_list":["post-6785","post","type-post","status-publish","format-standard","has-post-thumbnail","hentry","category-minuto-a-minuto","category-zona-gris","tag-comision-ejecutiva-de-atencion-a-victimas","tag-maria-elena-rios-ortiz"],"jetpack_featured_media_url":"https:\/\/zonaroja.com.mx\/wp-content\/uploads\/2019\/12\/\u00c1cido-Mar\u00eda-Elena-R\u00edos-1.jpg","jetpack_sharing_enabled":true,"_links":{"self":[{"href":"https:\/\/zonaroja.com.mx\/index.php?rest_route=\/wp\/v2\/posts\/6785","targetHints":{"allow":["GET"]}}],"collection":[{"href":"https:\/\/zonaroja.com.mx\/index.php?rest_route=\/wp\/v2\/posts"}],"about":[{"href":"https:\/\/zonaroja.com.mx\/index.php?rest_route=\/wp\/v2\/types\/post"}],"author":[{"embeddable":true,"href":"https:\/\/zonaroja.com.mx\/index.php?rest_route=\/wp\/v2\/users\/2"}],"replies":[{"embeddable":true,"href":"https:\/\/zonaroja.com.mx\/index.php?rest_route=%2Fwp%2Fv2%2Fcomments&post=6785"}],"version-history":[{"count":1,"href":"https:\/\/zonaroja.com.mx\/index.php?rest_route=\/wp\/v2\/posts\/6785\/revisions"}],"predecessor-version":[{"id":6787,"href":"https:\/\/zonaroja.com.mx\/index.php?rest_route=\/wp\/v2\/posts\/6785\/revisions\/6787"}],"wp:featuredmedia":[{"embeddable":true,"href":"https:\/\/zonaroja.com.mx\/index.php?rest_route=\/wp\/v2\/media\/6786"}],"wp:attachment":[{"href":"https:\/\/zonaroja.com.mx\/index.php?rest_route=%2Fwp%2Fv2%2Fmedia&parent=6785"}],"wp:term":[{"taxonomy":"category","embeddable":true,"href":"https:\/\/zonaroja.com.mx\/index.php?rest_route=%2Fwp%2Fv2%2Fcategories&post=6785"},{"taxonomy":"post_tag","embeddable":true,"href":"https:\/\/zonaroja.com.mx\/index.php?rest_route=%2Fwp%2Fv2%2Ftags&post=6785"}],"curies":[{"name":"wp","href":"https:\/\/api.w.org\/{rel}","templated":true}]}}