{"id":67851,"date":"2024-05-01T06:52:14","date_gmt":"2024-05-01T12:52:14","guid":{"rendered":"https:\/\/zonaroja.com.mx\/?p=67851"},"modified":"2024-05-01T06:52:16","modified_gmt":"2024-05-01T12:52:16","slug":"atribuyen-300-mil-muertos-en-mexico-a-mala-gestion-de-pandemia-de-covid-19","status":"publish","type":"post","link":"https:\/\/zonaroja.com.mx\/?p=67851","title":{"rendered":"Atribuyen 300 mil muertos en M\u00e9xico a &#8216;mala gesti\u00f3n&#8217; de pandemia de Covid-19"},"content":{"rendered":"\n<p>Redacci\u00f3n\/Zona Roja Cdmx.<\/p>\n\n\n\n<p>Ciudad de M\u00e9xico, a 1 de mayo de 2024.- Casi cuatro de cada diez muertes que ocurrieron en M\u00e9xico durante la pandemia de covid-19 se relacionan con la mala gesti\u00f3n del Gobierno de la crisis sanitaria y pudieron haberse evitado, concluy\u00f3 un informe presentado este martes por una Comisi\u00f3n Independiente de expertos del pa\u00eds.<\/p>\n\n\n\n<p>\u201cSi tomamos en cuenta todo el periodo de la emergencia sanitaria, al menos 37 % de las muertes en exceso, que aproximadamente es cerca de 300.000 muertes, no son atribuibles a las condiciones del pa\u00eds prepandemia\u201d, se\u00f1al\u00f3 en una conferencia de prensa Mariano S\u00e1nchez, coordinador del equipo de investigaci\u00f3n de la Comisi\u00f3n.<\/p>\n\n\n\n<p>El especialista explic\u00f3 que, si bien antes de la pandemia M\u00e9xico contaba con una baja inversi\u00f3n en salud, un debilitamiento del sistema, prevalencia de enfermedades cr\u00f3nicas y desigualdades sociales, hab\u00eda otras condiciones que pon\u00edan a M\u00e9xico en una situaci\u00f3n \u201crelativamente\u201d favorable ante la llegada de la covid-19.<\/p>\n\n\n\n<p>\u201cPor ejemplo, su estructura demogr\u00e1fica. M\u00e9xico tiene una poblaci\u00f3n, en promedio, m\u00e1s joven de lo que algunos pa\u00edses europeos que fueron muy golpeados por la pandemia y sabemos que la covid era una enfermedad m\u00e1s letal en la poblaci\u00f3n de adultos mayores\u201d, describi\u00f3.<\/p>\n\n\n\n<p>Se\u00f1al\u00f3 que, al considerar esas condiciones estructurales prepandemia, el desempe\u00f1o promedio del pa\u00eds hubiera sido de unas 500.000 muertes en exceso, la cifra de decesos por todas las causas por encima de las esperadas en condiciones normales.<\/p>\n\n\n\n<p>Sin embargo, de acuerdo con datos oficiales, en toda la emergencia sanitaria hubo 808.619 muertes en exceso, 511.081 de ellas atribuibles a covid-19, un da\u00f1o que S\u00e1nchez consider\u00f3 \u201cdevastador e inocultable\u201d.<\/p>\n\n\n\n<p>\u201cEs un n\u00famero estratosf\u00e9rico que nos invita a tomarnos muy en serio las condiciones sociales y los determinantes estructurales de la salud y a fortalecer las capacidades, la resiliencia tanto del Estado como de la sociedad para enfrentar futuras emergencias\u201d, expres\u00f3.<\/p>\n\n\n\n<p>(CIFRAS DESOLADORAS)<\/p>\n\n\n\n<p>Jaime Sep\u00falveda, coordinador de la Comisi\u00f3n, record\u00f3 que M\u00e9xico lidera entre los pa\u00edses con m\u00e1s exceso de mortalidad.<\/p>\n\n\n\n<p>\u201cComparado con el resto de pa\u00edses del mundo, pa\u00edses con m\u00e1s de 5 millones de habitantes, M\u00e9xico es el cuarto en el mundo con una mayor cantidad de muertes en exceso. Solamente Bolivia, Per\u00fa y Ecuador tuvieron mayores tasas de mortalidad, pero son pa\u00edses que tienen la mitad del PIB (Producto Interno Bruto) que tiene M\u00e9xico\u201d, explic\u00f3.<\/p>\n\n\n\n<p>Adem\u00e1s, el informe revel\u00f3 que es tambi\u00e9n la naci\u00f3n de Am\u00e9rica con el mayor n\u00famero de ni\u00f1os que quedaron hu\u00e9rfanos en la pandemia, con 215.000.<\/p>\n\n\n\n<p>Aunado a ello, M\u00e9xico tiene el primer lugar en el n\u00famero de decesos de personal de salud durante la pandemia, con 4.572 fallecidos, casi el doble de Estados Unidos, el pa\u00eds m\u00e1s cercano en este registro.<\/p>\n\n\n\n<p>Los investigadores encontraron que las desigualdades tambi\u00e9n fueron un factor determinante en quienes murieron por covid-19, pues afect\u00f3 de mayor manera a los m\u00e1s pobres.<\/p>\n\n\n\n<p>(Informaci\u00f3n de \u201cEl Siglo de Torre\u00f3n\u201d)<\/p>\n","protected":false},"excerpt":{"rendered":"<p>Redacci\u00f3n\/Zona Roja Cdmx. Ciudad de M\u00e9xico, a 1 de mayo de 2024.- Casi cuatro de&hellip;<\/p>\n","protected":false},"author":2,"featured_media":67852,"comment_status":"closed","ping_status":"open","sticky":false,"template":"","format":"standard","meta":{"_lmt_disableupdate":"","_lmt_disable":"","_jetpack_memberships_contains_paid_content":false,"footnotes":""},"categories":[109,47],"tags":[3669],"class_list":["post-67851","post","type-post","status-publish","format-standard","has-post-thumbnail","hentry","category-minuto-a-minuto","category-zona-gris","tag-covid-19"],"jetpack_featured_media_url":"https:\/\/zonaroja.com.mx\/wp-content\/uploads\/2024\/05\/Muertos-Covid-19.jpeg","jetpack_sharing_enabled":true,"_links":{"self":[{"href":"https:\/\/zonaroja.com.mx\/index.php?rest_route=\/wp\/v2\/posts\/67851","targetHints":{"allow":["GET"]}}],"collection":[{"href":"https:\/\/zonaroja.com.mx\/index.php?rest_route=\/wp\/v2\/posts"}],"about":[{"href":"https:\/\/zonaroja.com.mx\/index.php?rest_route=\/wp\/v2\/types\/post"}],"author":[{"embeddable":true,"href":"https:\/\/zonaroja.com.mx\/index.php?rest_route=\/wp\/v2\/users\/2"}],"replies":[{"embeddable":true,"href":"https:\/\/zonaroja.com.mx\/index.php?rest_route=%2Fwp%2Fv2%2Fcomments&post=67851"}],"version-history":[{"count":1,"href":"https:\/\/zonaroja.com.mx\/index.php?rest_route=\/wp\/v2\/posts\/67851\/revisions"}],"predecessor-version":[{"id":67853,"href":"https:\/\/zonaroja.com.mx\/index.php?rest_route=\/wp\/v2\/posts\/67851\/revisions\/67853"}],"wp:featuredmedia":[{"embeddable":true,"href":"https:\/\/zonaroja.com.mx\/index.php?rest_route=\/wp\/v2\/media\/67852"}],"wp:attachment":[{"href":"https:\/\/zonaroja.com.mx\/index.php?rest_route=%2Fwp%2Fv2%2Fmedia&parent=67851"}],"wp:term":[{"taxonomy":"category","embeddable":true,"href":"https:\/\/zonaroja.com.mx\/index.php?rest_route=%2Fwp%2Fv2%2Fcategories&post=67851"},{"taxonomy":"post_tag","embeddable":true,"href":"https:\/\/zonaroja.com.mx\/index.php?rest_route=%2Fwp%2Fv2%2Ftags&post=67851"}],"curies":[{"name":"wp","href":"https:\/\/api.w.org\/{rel}","templated":true}]}}