{"id":67858,"date":"2024-05-01T09:30:00","date_gmt":"2024-05-01T15:30:00","guid":{"rendered":"https:\/\/zonaroja.com.mx\/?p=67858"},"modified":"2024-05-01T07:19:35","modified_gmt":"2024-05-01T13:19:35","slug":"no-es-verdad-la-lucha-de-genero-de-la-magistrada-berenice-ramirez","status":"publish","type":"post","link":"https:\/\/zonaroja.com.mx\/?p=67858","title":{"rendered":"\u201cNo es verdad la lucha de g\u00e9nero de la magistrada Berenice Ram\u00edrez\u201d"},"content":{"rendered":"\n<p>Ismael Garc\u00eda M.\/Zona Roja.<\/p>\n\n\n\n<p>Oaxaca de Ju\u00e1rez, Oax., a 1 de mayo de 2024.- Si bien el director del Monte de Piedad de Oaxaca, Omar Juli\u00e1n Juli\u00e1n, no fue vinculado a proceso, a\u00fan no es considerado inocente, por lo cual se apelar\u00e1 la sentencia del juez, se\u00f1al\u00f3 la v\u00edctima Magda Liliana A.<\/p>\n\n\n\n<p>Lo anterior luego de que el pasado lunes el juez \u00c9dgar David Cruz Santiago decretara que no hab\u00eda datos de prueba para la vinculaci\u00f3n a proceso en contra del funcionario, ante la acusaci\u00f3n de hostigamiento sexual, intimidaci\u00f3n, coalici\u00f3n de servidores p\u00fablicos y cohecho.<\/p>\n\n\n\n<p>\u201cCulpo directamente a la magistrada Berenice Ram\u00edrez (presidenta del Tribunal Superior de Justicia del Estado de Oaxaca). No es verdad su lucha de g\u00e9nero\u201d, manifest\u00f3 en un pronunciamiento que emiti\u00f3.<\/p>\n\n\n\n<p>Record\u00f3 que el pasado viernes 26 de abril hizo una protesta pac\u00edfica en el exterior del Consejo de la Judicatura del Poder Judicial, en la colonia Reforma de la capital, donde extern\u00f3 que el juez local ha violado reiteradamente sus derechos y garant\u00edas.<\/p>\n\n\n\n<p>\u201cLa audiencia inicial se llev\u00f3 a cabo con m\u00faltiples violaciones a mis derechos de v\u00edctima. El juez (\u00c9dgar David Cruz) no me dej\u00f3 hablar violando el principio de Oralidad. Ni me recibi\u00f3 mis datos de prueba, violando el art\u00edculo 20 constitucional y se me ridiculiz\u00f3 en la audiencia por querer participar. Todo lo ten\u00eda que hacer por medio del MP (Ministerio P\u00fablico)\u201d.<\/p>\n\n\n\n<p>\u201cSi llegamos a la audiencia inicial fue por recursos interminables que los hac\u00eda valer como v\u00edctima. D\u00edganle al director del Monte de Piedad que el no vincularlo por el momento a proceso no es sin\u00f3nimo de inocencia. Cuando exista una sentencia definitiva ah\u00ed si ser\u00e1 inocente.&nbsp;<\/p>\n\n\n\n<p>\u201cQue demuestre a la ciudadan\u00eda y que les d\u00e9 una copia del audio y video de la audiencia inicial. Cuando la vean se dar\u00e1n cuenta que soy muy fuerte y que estoy luchando contra un sistema donde hasta puedo perder la vida\u201d.&nbsp;<\/p>\n\n\n\n<p>Apunt\u00f3 que teme por su vida por denunciar a un funcionario del Gobierno del Estado y por las amenazas de Omar Juli\u00e1n, quien dijo en declaraciones que la denunciar\u00eda penalmente.<\/p>\n\n\n\n<p>\u201cLa no vinculaci\u00f3n no es sin\u00f3nimo que no se vincule de nuevo. Solo demuestra con esto que denunciar a servidores p\u00fablicos es sin\u00f3nimo de impunidad y abuso de poder. No tengo medidas de protecci\u00f3n si me pasa algo por denunciar un sistema ya saben qui\u00e9n fue\u201d, recalc\u00f3 en su pronunciamiento.<\/p>\n","protected":false},"excerpt":{"rendered":"<p>Ismael Garc\u00eda M.\/Zona Roja. Oaxaca de Ju\u00e1rez, Oax., a 1 de mayo de 2024.- Si&hellip;<\/p>\n","protected":false},"author":2,"featured_media":67859,"comment_status":"closed","ping_status":"open","sticky":false,"template":"","format":"standard","meta":{"_lmt_disableupdate":"","_lmt_disable":"","_jetpack_memberships_contains_paid_content":false,"footnotes":""},"categories":[109,47],"tags":[3593],"class_list":["post-67858","post","type-post","status-publish","format-standard","has-post-thumbnail","hentry","category-minuto-a-minuto","category-zona-gris","tag-magda-liliana-altamirano-calderon"],"jetpack_featured_media_url":"https:\/\/zonaroja.com.mx\/wp-content\/uploads\/2024\/05\/Protesta-Magda-Liliana-Altamirano-caso-Monte-de-Piedad.jpg","jetpack_sharing_enabled":true,"_links":{"self":[{"href":"https:\/\/zonaroja.com.mx\/index.php?rest_route=\/wp\/v2\/posts\/67858","targetHints":{"allow":["GET"]}}],"collection":[{"href":"https:\/\/zonaroja.com.mx\/index.php?rest_route=\/wp\/v2\/posts"}],"about":[{"href":"https:\/\/zonaroja.com.mx\/index.php?rest_route=\/wp\/v2\/types\/post"}],"author":[{"embeddable":true,"href":"https:\/\/zonaroja.com.mx\/index.php?rest_route=\/wp\/v2\/users\/2"}],"replies":[{"embeddable":true,"href":"https:\/\/zonaroja.com.mx\/index.php?rest_route=%2Fwp%2Fv2%2Fcomments&post=67858"}],"version-history":[{"count":1,"href":"https:\/\/zonaroja.com.mx\/index.php?rest_route=\/wp\/v2\/posts\/67858\/revisions"}],"predecessor-version":[{"id":67860,"href":"https:\/\/zonaroja.com.mx\/index.php?rest_route=\/wp\/v2\/posts\/67858\/revisions\/67860"}],"wp:featuredmedia":[{"embeddable":true,"href":"https:\/\/zonaroja.com.mx\/index.php?rest_route=\/wp\/v2\/media\/67859"}],"wp:attachment":[{"href":"https:\/\/zonaroja.com.mx\/index.php?rest_route=%2Fwp%2Fv2%2Fmedia&parent=67858"}],"wp:term":[{"taxonomy":"category","embeddable":true,"href":"https:\/\/zonaroja.com.mx\/index.php?rest_route=%2Fwp%2Fv2%2Fcategories&post=67858"},{"taxonomy":"post_tag","embeddable":true,"href":"https:\/\/zonaroja.com.mx\/index.php?rest_route=%2Fwp%2Fv2%2Ftags&post=67858"}],"curies":[{"name":"wp","href":"https:\/\/api.w.org\/{rel}","templated":true}]}}