{"id":67864,"date":"2024-05-01T12:37:00","date_gmt":"2024-05-01T18:37:00","guid":{"rendered":"https:\/\/zonaroja.com.mx\/?p=67864"},"modified":"2024-05-01T08:52:08","modified_gmt":"2024-05-01T14:52:08","slug":"hallan-crematorio-clandestino-en-la-ciudad-de-mexico","status":"publish","type":"post","link":"https:\/\/zonaroja.com.mx\/?p=67864","title":{"rendered":"Hallan crematorio clandestino\u2026 \u00a1en la Ciudad de M\u00e9xico!"},"content":{"rendered":"\n<p>Redacci\u00f3n\/Zona Roja.<\/p>\n\n\n\n<p>Oaxaca de Ju\u00e1rez, Oax., a 1 de mayo de 2024.- Un crematorio clandestino entre las alcald\u00edas de Iztapalapa y Tl\u00e1huac fue hallado la tarde de este martes, al suroriente de la Ciudad de M\u00e9xico, confirm\u00f3 Ceci Flores, l\u00edder del Colectivo Madres Buscadoras de Sonora.<\/p>\n\n\n\n<p>\u201cAcabamos de encontrar este crematorio clandestino, al parecer hace mucho tiempo han estado cremando cuerpos aqu\u00ed\u201d, dijo la madre buscadora que se\u00f1al\u00f3 que en el lugar, en el que llevan dos d\u00edas explorando, se ubica en inmediaciones de ambas demarcaciones.<\/p>\n\n\n\n<p>\u201cEncontramos restos humanos en unas fosas clandestinas y este crematorio\u201d, se\u00f1al\u00f3 la madre buscadora que apunt\u00f3 que dar\u00e1n aviso a las autoridades \u201cpara que hagan el trabajo que les corresponde\u201d.<\/p>\n\n\n\n<p>\u201cTenemos la esperanza que con la tecnolog\u00eda que tienen las autoridades, puedan hacer algo por localizar lo que quede de algunas personas aqu\u00ed, algunos restos que puedan analizar y pueda salir un positivo\u201d, se\u00f1al\u00f3 la fundadora del Colectivo Madres Buscadoras de Sonora.<\/p>\n\n\n\n<p>Agradeci\u00f3 a las personas que hacen denuncias an\u00f3nimas para la localizaci\u00f3n de estos lugares e invit\u00f3 a las familias que tienen personas desaparecidas a buscarlos.<\/p>\n\n\n\n<p>\u201cQue se den cuenta de que est\u00e1 es la verdadera lucha por nuestros desaparecidos. Si no los buscamos no los vamos a encontrar, nuestra primer b\u00fasqueda en la CDMX con resultados positivos. Invitamos a todas las familias a unirse con esta lucha que tenemos a buscar y a encontrar a nuestros desaparecidos\u201d, dijo.<\/p>\n\n\n\n<p>Ceci Flores apunt\u00f3 que si bien sus hijos no desaparecieron en la capital del pa\u00eds, pero est\u00e1 apoyando a las madres que han solicitado su apoyo en la b\u00fasqueda.<\/p>\n\n\n\n<p>\u201cLas autoridades vendr\u00e1n, y seguro se reencontrar\u00e1n muchas familias. Gracias a todos los que me dijeron donde pod\u00edan haber restos y repito, no busco justicia, s\u00f3lo que una madre sepa d\u00f3nde arropar por \u00faltima vez a su hijo. Quiero llorar, este pa\u00eds no est\u00e1 bien\u201d, escribi\u00f3 Flores en su cuenta X.<\/p>\n\n\n\n<p>Adem\u00e1s, Ceci Flores comparti\u00f3 un video del crematorio en donde escribi\u00f3: \u201cMe quiebra el alma encontrar alrededor de esa escena tanta ropa de ni\u00f1os y mujeres, imaginar que ese pudo ser su destino y pensar que probablemente esas cenizas nunca puedan decirnos qui\u00e9nes son. Que Dios nos proteja\u201d.<\/p>\n\n\n\n<p>Luego de darse a conocer esta informaci\u00f3n, la Fiscal\u00eda General de Justicia de la Ciudad de M\u00e9xico (FGJCDMX) inform\u00f3 que inici\u00f3 una carpeta de investigaci\u00f3n, por noticia criminal.<\/p>\n\n\n\n<p>\u201cEl Ministerio P\u00fablico de la FIPEDE dio intervenci\u00f3n a expertos de la Coordinaci\u00f3n General de Investigaci\u00f3n Forense y Servicios Periciales para desplazarse al lugar en b\u00fasqueda de indicios en espera de los dict\u00e1menes correspondientes que determinar\u00e1n mayores detalles de lo hallado. De igual manera, se dio intervenci\u00f3n a agentes de PDI para recabar entrevistas con posibles testigos, as\u00ed como para la ubicaci\u00f3n de im\u00e1genes de c\u00e1maras de videovigilancia cercanas al sitio\u201d, inform\u00f3 el Ministerio P\u00fablico local.<\/p>\n\n\n\n<p>Agreg\u00f3 que por respeto a familias que buscan a sus seres queridos, \u201cinformaremos mayores detalles una vez que se confirme la naturaleza de los hallazgo\u201d.<\/p>\n\n\n\n<p>(Informaci\u00f3n de Infobae M\u00e9xico)<\/p>\n","protected":false},"excerpt":{"rendered":"<p>Redacci\u00f3n\/Zona Roja. Oaxaca de Ju\u00e1rez, Oax., a 1 de mayo de 2024.- Un crematorio clandestino&hellip;<\/p>\n","protected":false},"author":2,"featured_media":67865,"comment_status":"closed","ping_status":"open","sticky":false,"template":"","format":"standard","meta":{"_lmt_disableupdate":"","_lmt_disable":"","_jetpack_memberships_contains_paid_content":false,"footnotes":""},"categories":[109,47],"tags":[3922],"class_list":["post-67864","post","type-post","status-publish","format-standard","has-post-thumbnail","hentry","category-minuto-a-minuto","category-zona-gris","tag-ceci-flores"],"jetpack_featured_media_url":"https:\/\/zonaroja.com.mx\/wp-content\/uploads\/2024\/05\/Ceci-Flores-crematorio-ciudad-de-Mexico.jpeg","jetpack_sharing_enabled":true,"_links":{"self":[{"href":"https:\/\/zonaroja.com.mx\/index.php?rest_route=\/wp\/v2\/posts\/67864","targetHints":{"allow":["GET"]}}],"collection":[{"href":"https:\/\/zonaroja.com.mx\/index.php?rest_route=\/wp\/v2\/posts"}],"about":[{"href":"https:\/\/zonaroja.com.mx\/index.php?rest_route=\/wp\/v2\/types\/post"}],"author":[{"embeddable":true,"href":"https:\/\/zonaroja.com.mx\/index.php?rest_route=\/wp\/v2\/users\/2"}],"replies":[{"embeddable":true,"href":"https:\/\/zonaroja.com.mx\/index.php?rest_route=%2Fwp%2Fv2%2Fcomments&post=67864"}],"version-history":[{"count":1,"href":"https:\/\/zonaroja.com.mx\/index.php?rest_route=\/wp\/v2\/posts\/67864\/revisions"}],"predecessor-version":[{"id":67866,"href":"https:\/\/zonaroja.com.mx\/index.php?rest_route=\/wp\/v2\/posts\/67864\/revisions\/67866"}],"wp:featuredmedia":[{"embeddable":true,"href":"https:\/\/zonaroja.com.mx\/index.php?rest_route=\/wp\/v2\/media\/67865"}],"wp:attachment":[{"href":"https:\/\/zonaroja.com.mx\/index.php?rest_route=%2Fwp%2Fv2%2Fmedia&parent=67864"}],"wp:term":[{"taxonomy":"category","embeddable":true,"href":"https:\/\/zonaroja.com.mx\/index.php?rest_route=%2Fwp%2Fv2%2Fcategories&post=67864"},{"taxonomy":"post_tag","embeddable":true,"href":"https:\/\/zonaroja.com.mx\/index.php?rest_route=%2Fwp%2Fv2%2Ftags&post=67864"}],"curies":[{"name":"wp","href":"https:\/\/api.w.org\/{rel}","templated":true}]}}