{"id":67868,"date":"2024-05-01T16:11:23","date_gmt":"2024-05-01T22:11:23","guid":{"rendered":"https:\/\/zonaroja.com.mx\/?p=67868"},"modified":"2024-05-01T16:11:25","modified_gmt":"2024-05-01T22:11:25","slug":"deportista-oaxaquena-obtiene-mas-logros-nacionales-ira-a-uruguay","status":"publish","type":"post","link":"https:\/\/zonaroja.com.mx\/?p=67868","title":{"rendered":"Deportista oaxaque\u00f1a obtiene m\u00e1s logros nacionales; ir\u00e1 a Uruguay"},"content":{"rendered":"\n<p>Redacci\u00f3n\/Zona Roja.<\/p>\n\n\n\n<p>Oaxaca de Ju\u00e1rez, Oax., a 1 de mayo de 2024.- La karatedoka Valeria Nogales Gines refrend\u00f3 su nivel de competencia, al obtener el tercer lugar en el XXXI Campeonato Nacional de Karate, llevado a cabo del 24 al 28 de abril en la ciudad de Monterrey, Nuevo Le\u00f3n.<\/p>\n\n\n\n<p>La oaxaque\u00f1a, estudiante de la Ingenier\u00eda Ambiental de la Universidad An\u00e1huac Queretaro, logr\u00f3 el triunfo en la categor\u00eda Senior +68 kilogramos, enfrent\u00e1ndose a representes de M\u00e9rida, Jalisco y Sonora.<\/p>\n\n\n\n<p>Asimismo, Valeria Nogales volver\u00e1 a representar a M\u00e9xico, al ser clasificada por ranking al Campeonato Panamericano Senior 2024, a realizarse en Uruguay.<\/p>\n\n\n\n<p>La seleccionada nacional agradeci\u00f3 el apoyo que le brinda la Universidad An\u00e1huac Queretaro, y destac\u00f3 que \u201cmi universidad valora y logra brindar ese equilibrio que necesitamos los deportistas que continuamos, al mismo tiempo, estudiar nuestra carrera profesional\u201d.<\/p>\n","protected":false},"excerpt":{"rendered":"<p>Redacci\u00f3n\/Zona Roja. Oaxaca de Ju\u00e1rez, Oax., a 1 de mayo de 2024.- La karatedoka Valeria&hellip;<\/p>\n","protected":false},"author":2,"featured_media":67869,"comment_status":"closed","ping_status":"open","sticky":false,"template":"","format":"standard","meta":{"_lmt_disableupdate":"","_lmt_disable":"","_jetpack_memberships_contains_paid_content":false,"footnotes":""},"categories":[109,46],"tags":[3013],"class_list":["post-67868","post","type-post","status-publish","format-standard","has-post-thumbnail","hentry","category-minuto-a-minuto","category-zona-blanca","tag-valeria-nogales-gines"],"jetpack_featured_media_url":"https:\/\/zonaroja.com.mx\/wp-content\/uploads\/2024\/05\/Valeria-Nogales.jpg","jetpack_sharing_enabled":true,"_links":{"self":[{"href":"https:\/\/zonaroja.com.mx\/index.php?rest_route=\/wp\/v2\/posts\/67868","targetHints":{"allow":["GET"]}}],"collection":[{"href":"https:\/\/zonaroja.com.mx\/index.php?rest_route=\/wp\/v2\/posts"}],"about":[{"href":"https:\/\/zonaroja.com.mx\/index.php?rest_route=\/wp\/v2\/types\/post"}],"author":[{"embeddable":true,"href":"https:\/\/zonaroja.com.mx\/index.php?rest_route=\/wp\/v2\/users\/2"}],"replies":[{"embeddable":true,"href":"https:\/\/zonaroja.com.mx\/index.php?rest_route=%2Fwp%2Fv2%2Fcomments&post=67868"}],"version-history":[{"count":1,"href":"https:\/\/zonaroja.com.mx\/index.php?rest_route=\/wp\/v2\/posts\/67868\/revisions"}],"predecessor-version":[{"id":67870,"href":"https:\/\/zonaroja.com.mx\/index.php?rest_route=\/wp\/v2\/posts\/67868\/revisions\/67870"}],"wp:featuredmedia":[{"embeddable":true,"href":"https:\/\/zonaroja.com.mx\/index.php?rest_route=\/wp\/v2\/media\/67869"}],"wp:attachment":[{"href":"https:\/\/zonaroja.com.mx\/index.php?rest_route=%2Fwp%2Fv2%2Fmedia&parent=67868"}],"wp:term":[{"taxonomy":"category","embeddable":true,"href":"https:\/\/zonaroja.com.mx\/index.php?rest_route=%2Fwp%2Fv2%2Fcategories&post=67868"},{"taxonomy":"post_tag","embeddable":true,"href":"https:\/\/zonaroja.com.mx\/index.php?rest_route=%2Fwp%2Fv2%2Ftags&post=67868"}],"curies":[{"name":"wp","href":"https:\/\/api.w.org\/{rel}","templated":true}]}}