{"id":67871,"date":"2024-05-01T16:42:35","date_gmt":"2024-05-01T22:42:35","guid":{"rendered":"https:\/\/zonaroja.com.mx\/?p=67871"},"modified":"2024-05-01T16:42:37","modified_gmt":"2024-05-01T22:42:37","slug":"otra-vez-el-mult-denuncia-asesinato-de-uno-de-sus-militantes-en-la-mixteca","status":"publish","type":"post","link":"https:\/\/zonaroja.com.mx\/?p=67871","title":{"rendered":"\u00a1Otra vez! El MULT denuncia asesinato de uno de sus militantes en la Mixteca"},"content":{"rendered":"\n<p>Raymundo Morales\/Zona Roja. Foto: Ilustraci\u00f3n.<\/p>\n\n\n\n<p>Oaxaca de Ju\u00e1rez, Oax., a 1 de mayo de 2024.- Por en\u00e9sima ocasi\u00f3n, el Movimiento de Unificaci\u00f3n y Lucha Triqui denunci\u00f3 un crimen de sus militantes\u2026 y culp\u00f3 de nuevo a la antag\u00f3nica organizaci\u00f3n MULTI.<\/p>\n\n\n\n<p>De acuerdo con un comunicado emitido, fue ayer aproximadamente a las 13:40 horas en que, sin precisar el lugar, ultimaron a Daniel Crescencio \u00c1lvarez, de 38 a\u00f1os de edad, \u201cpor sicarios al servicio enemigos del pueblo\u201d.<\/p>\n\n\n\n<p>Detall\u00f3 que existe un antecedente, del pasado 7 de marzo de este a\u00f1o, en que recibi\u00f3 amenazas de muerte por parte de \u201caquellos que dicen defender los derechos humanos, como bien lo sabemos es puro discurso, y nos estamos refiriendo a los sicarios cibern\u00e9ticos del MULTI.<\/p>\n\n\n\n<p>A \u00e9stos los calific\u00f3 como \u201cgrup\u00fasculo protegido por la mafia del poder local y por los que administran el conflicto para llenar sus bolsillos, que es lo \u00fanico que les interesa\u201d.<\/p>\n\n\n\n<p>La organizaci\u00f3n MULT demand\u00f3 a la Fiscal\u00eda General del Estado que investigue tanto las amenazas como el crimen cometido este martes.<\/p>\n\n\n\n<p>\u201cEmplazamos al fiscal a que detenga de manera inmediata a los sicarios que est\u00e1n actuando impunemente en la naci\u00f3n triqui\u201d, se\u00f1al\u00f3 en su comunicado<\/p>\n","protected":false},"excerpt":{"rendered":"<p>Raymundo Morales\/Zona Roja. Foto: Ilustraci\u00f3n. Oaxaca de Ju\u00e1rez, Oax., a 1 de mayo de 2024.-&hellip;<\/p>\n","protected":false},"author":2,"featured_media":65347,"comment_status":"closed","ping_status":"open","sticky":false,"template":"","format":"standard","meta":{"_lmt_disableupdate":"","_lmt_disable":"","_jetpack_memberships_contains_paid_content":false,"footnotes":""},"categories":[109,51],"tags":[867],"class_list":["post-67871","post","type-post","status-publish","format-standard","has-post-thumbnail","hentry","category-minuto-a-minuto","category-zona-roja","tag-movimiento-unificador-de-lucha-triqui-mult"],"jetpack_featured_media_url":"https:\/\/zonaroja.com.mx\/wp-content\/uploads\/2024\/02\/Escena-asesinato-homicidio-crimen.jpeg.webp","jetpack_sharing_enabled":true,"_links":{"self":[{"href":"https:\/\/zonaroja.com.mx\/index.php?rest_route=\/wp\/v2\/posts\/67871","targetHints":{"allow":["GET"]}}],"collection":[{"href":"https:\/\/zonaroja.com.mx\/index.php?rest_route=\/wp\/v2\/posts"}],"about":[{"href":"https:\/\/zonaroja.com.mx\/index.php?rest_route=\/wp\/v2\/types\/post"}],"author":[{"embeddable":true,"href":"https:\/\/zonaroja.com.mx\/index.php?rest_route=\/wp\/v2\/users\/2"}],"replies":[{"embeddable":true,"href":"https:\/\/zonaroja.com.mx\/index.php?rest_route=%2Fwp%2Fv2%2Fcomments&post=67871"}],"version-history":[{"count":1,"href":"https:\/\/zonaroja.com.mx\/index.php?rest_route=\/wp\/v2\/posts\/67871\/revisions"}],"predecessor-version":[{"id":67872,"href":"https:\/\/zonaroja.com.mx\/index.php?rest_route=\/wp\/v2\/posts\/67871\/revisions\/67872"}],"wp:featuredmedia":[{"embeddable":true,"href":"https:\/\/zonaroja.com.mx\/index.php?rest_route=\/wp\/v2\/media\/65347"}],"wp:attachment":[{"href":"https:\/\/zonaroja.com.mx\/index.php?rest_route=%2Fwp%2Fv2%2Fmedia&parent=67871"}],"wp:term":[{"taxonomy":"category","embeddable":true,"href":"https:\/\/zonaroja.com.mx\/index.php?rest_route=%2Fwp%2Fv2%2Fcategories&post=67871"},{"taxonomy":"post_tag","embeddable":true,"href":"https:\/\/zonaroja.com.mx\/index.php?rest_route=%2Fwp%2Fv2%2Ftags&post=67871"}],"curies":[{"name":"wp","href":"https:\/\/api.w.org\/{rel}","templated":true}]}}