{"id":67876,"date":"2024-05-01T18:47:56","date_gmt":"2024-05-02T00:47:56","guid":{"rendered":"https:\/\/zonaroja.com.mx\/?p=67876"},"modified":"2024-05-01T18:47:58","modified_gmt":"2024-05-02T00:47:58","slug":"confirman-la-detencion-del-ex-tesorero-del-congreso-de-oaxaca","status":"publish","type":"post","link":"https:\/\/zonaroja.com.mx\/?p=67876","title":{"rendered":"Confirman la detenci\u00f3n del ex tesorero del Congreso de Oaxaca"},"content":{"rendered":"\n<p>Ismael Garc\u00eda M.\/Zona Roja.<\/p>\n\n\n\n<p>Oaxaca de Ju\u00e1rez, Oax., a 1 de mayo de 2024.- Autoridades estatales de Oaxaca confirmaron la detenci\u00f3n del ex tesorero del Congreso del Estado en la 63 Legislatura, Eduardo A. G.<\/p>\n\n\n\n<p>\u201cComo Ejecutivo no tenemos intervenci\u00f3n; ayer que se dieron los hechos comenzamos a hacer algunas preguntas para estar enterados.<\/p>\n\n\n\n<p>\u201cLo que sabemos es que el \u00f3rgano de control interno del Congreso hizo una revisi\u00f3n por ejercicios fiscales anteriores, cuando la persona que fungi\u00f3 como tesorero, y que hay otras personas involucradas tambi\u00e9n en este tema, que ten\u00edan mando, direcci\u00f3n.<\/p>\n\n\n\n<p>\u201cY cuando se da la revisi\u00f3n, se percatan que no enteraron las cuotas a las instituciones y que hay un hoy considerable de varios millones de pesos por falta de cuotas obrero patronales; es decir retuvieron las cuotas a los trabajadores pero nunca las enteraron a las instituciones y tambi\u00e9n las ocuparon y se las gastaron en otra cosa\u201d.&nbsp;<\/p>\n\n\n\n<p>Eso lo detall\u00f3 esta ma\u00f1ana el consejero Jur\u00eddico del gobierno de Oaxaca, Geovany V\u00e1squez Sagrero, quien detall\u00f3 que el tipo penal es el ejercicio il\u00edcito de atribuciones y facultades, lo cual deriv\u00f3 en la orden de aprehensi\u00f3n, que solicit\u00f3 el \u00f3rgano legislativo correspondiente.<\/p>\n\n\n\n<p>De acuerdo con fuentes del la Fiscal\u00eda General, Eduardo A. G. que detenido ayer por la tarde en la avenida Universidad de Santa Cruz Xoxocotl\u00e1n, al sur de la capital.<\/p>\n\n\n\n<p>Se presume que el ex tesorero habr\u00eda provocado un quebranto aproximado de 42 millones de pesos, de retenciones de impuestos a los trabajadores que hizo desde el a\u00f1o 2018.<\/p>\n\n\n\n<p>Hasta el momento no hay informaci\u00f3n oficial por parte del Congreso o de la Fiscal\u00eda General del Estado, a trav\u00e9s de la Fiscal\u00eda Anticorrupci\u00f3n.<\/p>\n","protected":false},"excerpt":{"rendered":"<p>Ismael Garc\u00eda M.\/Zona Roja. Oaxaca de Ju\u00e1rez, Oax., a 1 de mayo de 2024.- Autoridades&hellip;<\/p>\n","protected":false},"author":2,"featured_media":67877,"comment_status":"closed","ping_status":"open","sticky":false,"template":"","format":"standard","meta":{"_lmt_disableupdate":"","_lmt_disable":"","_jetpack_memberships_contains_paid_content":false,"footnotes":""},"categories":[109,47],"tags":[2743,3923],"class_list":["post-67876","post","type-post","status-publish","format-standard","has-post-thumbnail","hentry","category-minuto-a-minuto","category-zona-gris","tag-65-legislatura-del-estado-de-oaxaca","tag-eduardo-aldana-g"],"jetpack_featured_media_url":"https:\/\/zonaroja.com.mx\/wp-content\/uploads\/2024\/05\/Congreso-del-Estado-Eduardo-Aldana.jpg","jetpack_sharing_enabled":true,"_links":{"self":[{"href":"https:\/\/zonaroja.com.mx\/index.php?rest_route=\/wp\/v2\/posts\/67876","targetHints":{"allow":["GET"]}}],"collection":[{"href":"https:\/\/zonaroja.com.mx\/index.php?rest_route=\/wp\/v2\/posts"}],"about":[{"href":"https:\/\/zonaroja.com.mx\/index.php?rest_route=\/wp\/v2\/types\/post"}],"author":[{"embeddable":true,"href":"https:\/\/zonaroja.com.mx\/index.php?rest_route=\/wp\/v2\/users\/2"}],"replies":[{"embeddable":true,"href":"https:\/\/zonaroja.com.mx\/index.php?rest_route=%2Fwp%2Fv2%2Fcomments&post=67876"}],"version-history":[{"count":1,"href":"https:\/\/zonaroja.com.mx\/index.php?rest_route=\/wp\/v2\/posts\/67876\/revisions"}],"predecessor-version":[{"id":67878,"href":"https:\/\/zonaroja.com.mx\/index.php?rest_route=\/wp\/v2\/posts\/67876\/revisions\/67878"}],"wp:featuredmedia":[{"embeddable":true,"href":"https:\/\/zonaroja.com.mx\/index.php?rest_route=\/wp\/v2\/media\/67877"}],"wp:attachment":[{"href":"https:\/\/zonaroja.com.mx\/index.php?rest_route=%2Fwp%2Fv2%2Fmedia&parent=67876"}],"wp:term":[{"taxonomy":"category","embeddable":true,"href":"https:\/\/zonaroja.com.mx\/index.php?rest_route=%2Fwp%2Fv2%2Fcategories&post=67876"},{"taxonomy":"post_tag","embeddable":true,"href":"https:\/\/zonaroja.com.mx\/index.php?rest_route=%2Fwp%2Fv2%2Ftags&post=67876"}],"curies":[{"name":"wp","href":"https:\/\/api.w.org\/{rel}","templated":true}]}}