{"id":67892,"date":"2024-05-02T09:56:00","date_gmt":"2024-05-02T15:56:00","guid":{"rendered":"https:\/\/zonaroja.com.mx\/?p=67892"},"modified":"2024-05-02T07:16:31","modified_gmt":"2024-05-02T13:16:31","slug":"martinez-neri-con-mayor-respaldo-ciudadano-en-apertura-de-campana","status":"publish","type":"post","link":"https:\/\/zonaroja.com.mx\/?p=67892","title":{"rendered":"Mart\u00ednez Neri, con mayor respaldo ciudadano en apertura de campa\u00f1a"},"content":{"rendered":"\n<p>Raymundo Morales\/Zona Roja.<\/p>\n\n\n\n<p>Oaxaca de Ju\u00e1rez, Oaxaca, a 2 de mayo de 2024.- El inicio de las campa\u00f1as electorales en la ciudad refleja el contraste en las preferencias de las y los electores, muestra de ello fueron los eventos de arranque de campa\u00f1a a cargo de los candidatos y la candidata que buscan la concejal\u00eda en la capital oaxaque\u00f1a.&nbsp;<\/p>\n\n\n\n<p>En la Plaza de la Danza, ante m\u00e1s de cinco mil asistentes, el candidato de Morena a la reelecci\u00f3n, Francisco Mart\u00ednez Neri, mostr\u00f3 el m\u00fasculo del electorado que comparte la visi\u00f3n de dar continuidad al proyecto de gobierno que encabeza para consolidar la transformaci\u00f3n del municipio capitalino.&nbsp;<\/p>\n\n\n\n<p>Junto a Luisa Cort\u00e9s Garc\u00eda, candidata al Senado, recalc\u00f3 el compromiso de fortalecer las estrategias, programas y acciones que se iniciaron desde hace m\u00e1s de dos a\u00f1os, en congruencia con los principios de no robar, no mentir y no traicionar al pueblo.<\/p>\n\n\n\n<p>Hizo un llamado a la ciudadan\u00eda de Oaxaca de Ju\u00e1rez a respaldar el proyecto de la Cuarta Transformaci\u00f3n, ya que dijo, \u201cel pa\u00eds vive un gran desarrollo pol\u00edtico y democr\u00e1tico, el pa\u00eds crece y lo hace disminuyendo desigualdades y procurando el bienestar para todos y todas\u201d.<\/p>\n\n\n\n<p>Al evento del maestro Francisco Mart\u00ednez Neri asisti\u00f3 el presidente del Comit\u00e9 Ejecutivo Estatal de Morena en Oaxaca, Benjam\u00edn Viveros Montalvo, as\u00ed como Bxido Xishe Jara Bola\u00f1os, secretaria del Consejo Nacional de Morena.&nbsp;<\/p>\n\n\n\n<p>LOS DEM\u00c1S<\/p>\n\n\n\n<p>Por otra parte, la candidata por el Partido del Trabajo (PT), Jocabed Betanzos convoc\u00f3 a una conferencia de prensa y realiz\u00f3 eventos en los cuales \u00fanicamente se le vio acompa\u00f1ada por representantes del instituto pol\u00edtico.&nbsp;<\/p>\n\n\n\n<p>En tanto, el candidato del PRI-PAN, Mart\u00edn V\u00e1squez Villanueva, sostuvo un encuentro con trabajadores, militantes, simpatizantes y agremiados, arranque de campa\u00f1a que no cumpli\u00f3 con el nivel de convocatoria esperado.&nbsp;<\/p>\n\n\n\n<p>Pablo Alberto Ram\u00edrez Puga Dom\u00ednguez, quien va por Movimiento Ciudadano (MC), encabez\u00f3 una calenda por la ciudad, acompa\u00f1ado de un grupo de ciudadanos que apoyan su candidatura.&nbsp;<\/p>\n\n\n\n<p>A su vez, el candidato por el PRD, Jaime Arturo Larrazabal Bret\u00f3n, se limit\u00f3 a dar a conocer sus propuestas ante representantes de medios de comunicaci\u00f3n que se dieron cita en conferencia de prensa organizada en hotel de la capital.&nbsp;<\/p>\n\n\n\n<p>Por su parte, en una vivienda localizada en la parte alta de la agencia municipal de Pueblo Nuevo, Emilio Ricardo Morales Cruz, candidato por el Partido Unidad Popular (PUP), inici\u00f3 su campa\u00f1a electoral.&nbsp;<\/p>\n\n\n\n<p>Juan Rafael Rosas Herrera, abanderado por el Partido Movimiento Unificador de J\u00f3venes en el Estado y sus Regiones (MUJER Oaxaca), vio actividad con vecinas y vecinos de San Mart\u00edn Mexic\u00e1pam, vi\u00e9ndose limitado el nivel de convocatoria que tiene en las dem\u00e1s agencias de Oaxaca de Ju\u00e1rez.<\/p>\n\n\n\n<p>Cabe destacar que el candidato por el Partido Verde, Ray Chagoya, cancel\u00f3 toda su agenda de arranque al no contar con la anuencia del Instituto Estatal Electoral y de Participaci\u00f3n Ciudadana de Oaxaca (IEEPCO), por problemas del partido con la acci\u00f3n afirmativa en las plantillas presentadas, teniendo que reprogramar sus eventos para la tarde.<\/p>\n","protected":false},"excerpt":{"rendered":"<p>Raymundo Morales\/Zona Roja. Oaxaca de Ju\u00e1rez, Oaxaca, a 2 de mayo de 2024.- El inicio&hellip;<\/p>\n","protected":false},"author":2,"featured_media":67893,"comment_status":"closed","ping_status":"open","sticky":false,"template":"","format":"standard","meta":{"_lmt_disableupdate":"","_lmt_disable":"","_jetpack_memberships_contains_paid_content":false,"footnotes":""},"categories":[109,46],"tags":[2418],"class_list":["post-67892","post","type-post","status-publish","format-standard","has-post-thumbnail","hentry","category-minuto-a-minuto","category-zona-blanca","tag-francisco-martinez-neri"],"jetpack_featured_media_url":"https:\/\/zonaroja.com.mx\/wp-content\/uploads\/2024\/05\/Martinez-Neri-Francisco-campana-1-de-mayo.jpeg","jetpack_sharing_enabled":true,"_links":{"self":[{"href":"https:\/\/zonaroja.com.mx\/index.php?rest_route=\/wp\/v2\/posts\/67892","targetHints":{"allow":["GET"]}}],"collection":[{"href":"https:\/\/zonaroja.com.mx\/index.php?rest_route=\/wp\/v2\/posts"}],"about":[{"href":"https:\/\/zonaroja.com.mx\/index.php?rest_route=\/wp\/v2\/types\/post"}],"author":[{"embeddable":true,"href":"https:\/\/zonaroja.com.mx\/index.php?rest_route=\/wp\/v2\/users\/2"}],"replies":[{"embeddable":true,"href":"https:\/\/zonaroja.com.mx\/index.php?rest_route=%2Fwp%2Fv2%2Fcomments&post=67892"}],"version-history":[{"count":1,"href":"https:\/\/zonaroja.com.mx\/index.php?rest_route=\/wp\/v2\/posts\/67892\/revisions"}],"predecessor-version":[{"id":67894,"href":"https:\/\/zonaroja.com.mx\/index.php?rest_route=\/wp\/v2\/posts\/67892\/revisions\/67894"}],"wp:featuredmedia":[{"embeddable":true,"href":"https:\/\/zonaroja.com.mx\/index.php?rest_route=\/wp\/v2\/media\/67893"}],"wp:attachment":[{"href":"https:\/\/zonaroja.com.mx\/index.php?rest_route=%2Fwp%2Fv2%2Fmedia&parent=67892"}],"wp:term":[{"taxonomy":"category","embeddable":true,"href":"https:\/\/zonaroja.com.mx\/index.php?rest_route=%2Fwp%2Fv2%2Fcategories&post=67892"},{"taxonomy":"post_tag","embeddable":true,"href":"https:\/\/zonaroja.com.mx\/index.php?rest_route=%2Fwp%2Fv2%2Ftags&post=67892"}],"curies":[{"name":"wp","href":"https:\/\/api.w.org\/{rel}","templated":true}]}}