{"id":67895,"date":"2024-05-02T13:17:00","date_gmt":"2024-05-02T19:17:00","guid":{"rendered":"https:\/\/zonaroja.com.mx\/?p=67895"},"modified":"2024-05-02T07:20:14","modified_gmt":"2024-05-02T13:20:14","slug":"opinion-celebrando-a-la-verde-antequera","status":"publish","type":"post","link":"https:\/\/zonaroja.com.mx\/?p=67895","title":{"rendered":"Opini\u00f3n. Celebrando a\u00a0la Verde Antequera"},"content":{"rendered":"\n<p>N\u00e9stor Y. S\u00e1nchez Islas.<\/p>\n\n\n\n<p>Siempre existe una confusi\u00f3n cuando decimos Oaxaca.&nbsp;Compartir el nombre entre el estado y la capital provoca algunos enredos, algunos rid\u00edculos, pero otros inexcusables como lo es el hecho de que desde las redes sociales del gobierno estatal confundan el aniversario de la ciudad con el aniversario del estado,&nbsp;festejo&nbsp;que no existe. La ignorancia del bienestar&nbsp;no se justifica.<\/p>\n\n\n\n<p>Los festejos de este a\u00f1o fueron bastante desangelados, casi imperceptibles, lo que contrasta con la algarab\u00eda&nbsp;de&nbsp;la calenda que el contador Neri, presidente municipal, llev\u00f3 a la CDMX para festejar a su candidata presidencial: banda de m\u00fasica, marmota,&nbsp;chinas oaxaque\u00f1as,&nbsp;tiliches,&nbsp;flor de pi\u00f1a\u2026<\/p>\n\n\n\n<p>Los aniversarios citadinos son excelente pretexto para reconocer a personajes destacados, lo que siempre ha sido un acierto y hoy lo vuelve a ser. Nunca estar\u00e1 de m\u00e1s reconocer el m\u00e9rito de todos aquellos que hacen algo positivo por su comunidad en cualquier \u00e1mbito porque la mayor\u00eda de las veces los&nbsp;galardonados&nbsp;lo hacen sin&nbsp;un inter\u00e9s personal de por medio, es&nbsp;el&nbsp;amor, recuerdo y nostalgia por su tierra lo que los impulsa. Felicidades a quienes fueron reconocidos.<\/p>\n\n\n\n<p>El aniversario de la conversi\u00f3n de villa a ciudad de nuestra capital, el dise\u00f1o de su trazo&nbsp;y el inicio de la construcci\u00f3n de los monumentos que la distinguen tambi\u00e9n debe ser una oportunidad para&nbsp;crear un anti-reconocimiento a manera de sanci\u00f3n moral a todos aquellos que de forma&nbsp;intencional la han da\u00f1ado. Para empezar todos aquellos personajes que formaron parte de la APPO, hoy en el poder, los l\u00edderes magisteriales que acabaron con el centro hist\u00f3rico&nbsp;y los oportunistas del ambulantaje y las expos&nbsp;que la destruyen en cada periodo vacacional. No hay otra forma de sancionarlos m\u00e1s que el reconocimiento popular de&nbsp;su falta de respeto para nuestra&nbsp;propia&nbsp;casa.<\/p>\n\n\n\n<p>Los astros se unieron contra el festejo de este a\u00f1o.&nbsp;En la misma semana sucedieron&nbsp;cosas&nbsp;que&nbsp;abonaron&nbsp;a la pobreza de&nbsp;la fiesta, hechos que, si se hubieran coordinado no hubieran salido mejor.&nbsp;En el primer acto sale un personaje cercano al presidente promoviendo una camiseta con la imagen de la santa muerte&nbsp;con fines&nbsp;electorales. En el segundo aparece un desconocido senador por Oaxaca para realizar, fuera de tiempo y lugar, un \u201critual\u201d que incluy\u00f3&nbsp;el sacrificio de una gallina en vivo y en directo&nbsp;como si se tratara de un ritual sat\u00e1nico o de santer\u00eda y, para finalizar, por las redes sociales en nuestra tierra se difundi\u00f3 el video que grabaron los de la&nbsp;polic\u00eda&nbsp;estatal con todo el estilo de la narco cultura.<\/p>\n\n\n\n<p>Los mixtecos, el pueblo de la lluvia, celebran rituales para&nbsp;Dzahui, su dios de la lluvia y el principal de su cosmogon\u00eda y, efectivamente,&nbsp;en algunas ocasiones se siguen sacrificando animales, pero ya no personas como fue lo usual&nbsp;en tiempos ancestrales.&nbsp;La diferencia es que hay sitios y lugares para&nbsp;ello&nbsp;y&nbsp;chamanes&nbsp;o ancianos calificados para realizarlo. Se hacen en cuevas o monta\u00f1as, no en la explanada de la C\u00e1mara de Senadores con fines pol\u00edticos&nbsp;y propagand\u00edsticos de muy bajo nivel.&nbsp;Algunos rituales prehisp\u00e1nicos siguen realiz\u00e1ndose como parte del reconocimiento a la&nbsp;pluriculturalidad del pa\u00eds.&nbsp;Esos rituales forman&nbsp;parte de&nbsp;la identidad del pueblo mixteco, al que pertenece el senador Adolfo&nbsp;G\u00f3mez Hern\u00e1ndez, motejado ahora como el \u201cmatagallinas\u201d.<\/p>\n\n\n\n<p>Exhibiciones como esa provocan la \u201ccosificaci\u00f3n\u201d de la cultura de pueblos originarios de la que se quejan, entre otros, el mismo personaje.&nbsp;De ser un patrimonio cultural pasan a la racionalidad econ\u00f3mica&nbsp;y pierden su arraigo simb\u00f3lico en beneficio de la folclorizaci\u00f3n&nbsp;y&nbsp;disfrute del turista.&nbsp;El resentimiento de ese senador lo hace destruir su propia cultura a cambio de 10 minutos de fama.&nbsp;Con agentes promotores de identidad y cultura como este se\u00f1or&nbsp;que solo medra para sus intereses personales, \u00e9sta&nbsp;pierde su papel como veh\u00edculo de identidad y solo queda para la burla&nbsp;y el descr\u00e9dito.<\/p>\n\n\n\n<p>Por otro lado,&nbsp;el video de la polic\u00eda estatal&nbsp;filmado&nbsp;con todo el estilo narco&nbsp;contiene&nbsp;mensajes&nbsp;no expl\u00edcitos.&nbsp;La cultura narco&nbsp;est\u00e1 profundamente enraizada en algunos miembros de la actual administraci\u00f3n&nbsp;con el peligro que eso representa porque no solo es su afici\u00f3n por su vestimenta y m\u00fasica, sino la conducta y la normalizaci\u00f3n&nbsp;de&nbsp;todo tipo de cr\u00edmenes sangrientos.&nbsp;\u00bfEl gobierno&nbsp;en manos de&nbsp;apologistas&nbsp;del narco?<\/p>\n\n\n\n<p>SE SAB\u00cdA.<\/p>\n\n\n\n<p>Circula en redes&nbsp;un&nbsp;v\u00eddeo de Enrique Rueda Pacheco en 2006 recibiendo una maleta con millones de pesos en efectivo.&nbsp;Esto confirma que el \u201cmovimiento\u201d del 2006 no fue social, solo un gran embuste&nbsp;sindical. Que los&nbsp;\u201cluchadores sociales\u201d, hoy todos en la 4T y la primavera oaxaque\u00f1a,&nbsp;en realidad&nbsp;solo eran agitadores en busca de dinero y el poder, que ya tienen.&nbsp;El magisterio&nbsp;se&nbsp;ahoga&nbsp;en corrupci\u00f3n y aqu\u00ed hay una prueba palpable&nbsp;que deslegitima su discurso y postura radical&nbsp;por la educaci\u00f3n.&nbsp;La APPO solo fue una fachada para dar la apariencia de movimiento popular&nbsp;y,&nbsp;sus miembros,&nbsp;unos mercenarios.<\/p>\n\n\n\n<p>nestoryuri@yahoo.com<\/p>\n","protected":false},"excerpt":{"rendered":"<p>N\u00e9stor Y. S\u00e1nchez Islas. Siempre existe una confusi\u00f3n cuando decimos Oaxaca.&nbsp;Compartir el nombre entre el&hellip;<\/p>\n","protected":false},"author":2,"featured_media":67897,"comment_status":"closed","ping_status":"open","sticky":false,"template":"","format":"standard","meta":{"_lmt_disableupdate":"","_lmt_disable":"","_jetpack_memberships_contains_paid_content":false,"footnotes":""},"categories":[456,109],"tags":[3050],"class_list":["post-67895","post","type-post","status-publish","format-standard","has-post-thumbnail","hentry","category-columna","category-minuto-a-minuto","tag-nestor-yuri-sanchez"],"jetpack_featured_media_url":"https:\/\/zonaroja.com.mx\/wp-content\/uploads\/2024\/05\/Opinion-Nestor-Yuri-Sanchez.jpeg","jetpack_sharing_enabled":true,"_links":{"self":[{"href":"https:\/\/zonaroja.com.mx\/index.php?rest_route=\/wp\/v2\/posts\/67895","targetHints":{"allow":["GET"]}}],"collection":[{"href":"https:\/\/zonaroja.com.mx\/index.php?rest_route=\/wp\/v2\/posts"}],"about":[{"href":"https:\/\/zonaroja.com.mx\/index.php?rest_route=\/wp\/v2\/types\/post"}],"author":[{"embeddable":true,"href":"https:\/\/zonaroja.com.mx\/index.php?rest_route=\/wp\/v2\/users\/2"}],"replies":[{"embeddable":true,"href":"https:\/\/zonaroja.com.mx\/index.php?rest_route=%2Fwp%2Fv2%2Fcomments&post=67895"}],"version-history":[{"count":1,"href":"https:\/\/zonaroja.com.mx\/index.php?rest_route=\/wp\/v2\/posts\/67895\/revisions"}],"predecessor-version":[{"id":67898,"href":"https:\/\/zonaroja.com.mx\/index.php?rest_route=\/wp\/v2\/posts\/67895\/revisions\/67898"}],"wp:featuredmedia":[{"embeddable":true,"href":"https:\/\/zonaroja.com.mx\/index.php?rest_route=\/wp\/v2\/media\/67897"}],"wp:attachment":[{"href":"https:\/\/zonaroja.com.mx\/index.php?rest_route=%2Fwp%2Fv2%2Fmedia&parent=67895"}],"wp:term":[{"taxonomy":"category","embeddable":true,"href":"https:\/\/zonaroja.com.mx\/index.php?rest_route=%2Fwp%2Fv2%2Fcategories&post=67895"},{"taxonomy":"post_tag","embeddable":true,"href":"https:\/\/zonaroja.com.mx\/index.php?rest_route=%2Fwp%2Fv2%2Ftags&post=67895"}],"curies":[{"name":"wp","href":"https:\/\/api.w.org\/{rel}","templated":true}]}}