{"id":67899,"date":"2024-05-02T07:59:36","date_gmt":"2024-05-02T13:59:36","guid":{"rendered":"https:\/\/zonaroja.com.mx\/?p=67899"},"modified":"2024-05-02T07:59:38","modified_gmt":"2024-05-02T13:59:38","slug":"asesinan-a-un-individuo-en-xoxocotlan-y-a-un-taxista-en-pochutla","status":"publish","type":"post","link":"https:\/\/zonaroja.com.mx\/?p=67899","title":{"rendered":"Asesinan a un individuo en Xoxocotl\u00e1n y a un taxista en Pochutla"},"content":{"rendered":"\n<p>Raymundo Morales\/Zona Roja.<\/p>\n\n\n\n<p>Oaxaca de Ju\u00e1rez, Oax., a 2 de mayo de 2024.- En las primeras horas de este martes, un taxista fue asesinado en San Pedro Pochutla, municipio de la regi\u00f3n Costa de Oaxaca.<\/p>\n\n\n\n<p>El ataque armado ocurri\u00f3 en el camino hacia el destino de playa Zipolite y frente a un hotel, donde fue acribillado Mauricio S. P., de 27 a\u00f1os de edad, quien conduc\u00eda su taxi del sitio \u201cPochutla\u201d.<\/p>\n\n\n\n<p>Hasta el momento no hay personas detenidas ni indicios del o de los agresores, por lo cual la Vicefiscal\u00eda Regional de la Costa inici\u00f3 las indagatorias correspondientes.<\/p>\n\n\n\n<p>Mientras tanto anoche, cerca de las 20:00 horas, en un domicilio de la avenida Las Am\u00e9ricas de la colonia La Paz, Santa Cruz Xoxocotl\u00e1n, fue atacado a balazos un hombre.<\/p>\n\n\n\n<p>En el sitio cay\u00f3 abatida la v\u00edctima identificada como Carlos \u201cN\u201d, de aproximadamente 38 a\u00f1os de edad y los presuntos delincuentes lograron escapar.<\/p>\n\n\n\n<p>Mientras tanto en la comunidad El Naranjo, del municipio de M\u00e1rtires de Tacubaya, en la regi\u00f3n Costa del estado, fueron ultimadas a balazos dos personas del sexo masculino.<\/p>\n\n\n\n<p>De acuerdo con la informaci\u00f3n de CMM Informativo, los hechos ocurrieron anoche y los cuerpos quedaron tirados a la entrada de dicha localidad coste\u00f1a; hasta el momento no han sido identificadas.<\/p>\n","protected":false},"excerpt":{"rendered":"<p>Raymundo Morales\/Zona Roja. Oaxaca de Ju\u00e1rez, Oax., a 2 de mayo de 2024.- En las&hellip;<\/p>\n","protected":false},"author":2,"featured_media":67753,"comment_status":"closed","ping_status":"open","sticky":false,"template":"","format":"standard","meta":{"_lmt_disableupdate":"","_lmt_disable":"","_jetpack_memberships_contains_paid_content":false,"footnotes":""},"categories":[109,51],"tags":[2754,133],"class_list":["post-67899","post","type-post","status-publish","format-standard","has-post-thumbnail","hentry","category-minuto-a-minuto","category-zona-roja","tag-asesinado-san-pedro-pochutla","tag-santa-cruz-xoxocotlan"],"jetpack_featured_media_url":"https:\/\/zonaroja.com.mx\/wp-content\/uploads\/2024\/04\/Escena-de-investigacion-crimen.jpg","jetpack_sharing_enabled":true,"_links":{"self":[{"href":"https:\/\/zonaroja.com.mx\/index.php?rest_route=\/wp\/v2\/posts\/67899","targetHints":{"allow":["GET"]}}],"collection":[{"href":"https:\/\/zonaroja.com.mx\/index.php?rest_route=\/wp\/v2\/posts"}],"about":[{"href":"https:\/\/zonaroja.com.mx\/index.php?rest_route=\/wp\/v2\/types\/post"}],"author":[{"embeddable":true,"href":"https:\/\/zonaroja.com.mx\/index.php?rest_route=\/wp\/v2\/users\/2"}],"replies":[{"embeddable":true,"href":"https:\/\/zonaroja.com.mx\/index.php?rest_route=%2Fwp%2Fv2%2Fcomments&post=67899"}],"version-history":[{"count":1,"href":"https:\/\/zonaroja.com.mx\/index.php?rest_route=\/wp\/v2\/posts\/67899\/revisions"}],"predecessor-version":[{"id":67900,"href":"https:\/\/zonaroja.com.mx\/index.php?rest_route=\/wp\/v2\/posts\/67899\/revisions\/67900"}],"wp:featuredmedia":[{"embeddable":true,"href":"https:\/\/zonaroja.com.mx\/index.php?rest_route=\/wp\/v2\/media\/67753"}],"wp:attachment":[{"href":"https:\/\/zonaroja.com.mx\/index.php?rest_route=%2Fwp%2Fv2%2Fmedia&parent=67899"}],"wp:term":[{"taxonomy":"category","embeddable":true,"href":"https:\/\/zonaroja.com.mx\/index.php?rest_route=%2Fwp%2Fv2%2Fcategories&post=67899"},{"taxonomy":"post_tag","embeddable":true,"href":"https:\/\/zonaroja.com.mx\/index.php?rest_route=%2Fwp%2Fv2%2Ftags&post=67899"}],"curies":[{"name":"wp","href":"https:\/\/api.w.org\/{rel}","templated":true}]}}