{"id":67901,"date":"2024-05-02T10:08:00","date_gmt":"2024-05-02T16:08:00","guid":{"rendered":"https:\/\/zonaroja.com.mx\/?p=67901"},"modified":"2024-05-02T08:24:44","modified_gmt":"2024-05-02T14:24:44","slug":"con-represion-policiaca-pretende-edil-de-santa-cruz-amilpas-acabar-con-aspirantes","status":"publish","type":"post","link":"https:\/\/zonaroja.com.mx\/?p=67901","title":{"rendered":"Con represi\u00f3n policiaca pretende edil de Santa Cruz Amilpas acabar con aspirantes"},"content":{"rendered":"\n<p>Ismael Garc\u00eda M.\/Zona Roja.<\/p>\n\n\n\n<p>Oaxaca de Ju\u00e1rez, Oax., a 2 de mayo de 2024.- Con represi\u00f3n policiaca y auditor\u00edas, las autoridades de Oaxaca pretenden intimidar a los candidatos del Partido Acci\u00f3n Nacional, revel\u00f3 ayer la dirigente estatal Perla Woolrich Fern\u00e1ndez.<\/p>\n\n\n\n<p>Uno de los casos que expuso es el de V\u00edctor Manuel Cayetano Z\u00fa\u00f1iga, candidato a presidente municipal por el blanquiazul en Santa Cruz Amilpas, y donde pretende reelegirse Cristian Baruch&nbsp; Castellanos.<\/p>\n\n\n\n<p>El aspirante narr\u00f3 en la conferencia de prensa de este mi\u00e9rcoles, que su veh\u00edculo se encontraba estacionado de manera normal en una vialidad de dicho municipio conturbado a la capital del estado.<\/p>\n\n\n\n<p>Lo puso a calentar el motor pero de repente llegaron polic\u00edas viales que le dijeron que estaba en un lugar prohibido, lo cual refut\u00f3 el ciudadano.<\/p>\n\n\n\n<p>Pero al no retirar su unidad de motor, los uniformados lo detuvieron con violencia y lo pusieron a disposici\u00f3n de la Fiscal\u00eda General del Estado; tuvo que intervenir la dirigencia del PAN para que lo liberaran, al no existir delitos.&nbsp;<\/p>\n\n\n\n<p>\u201cHoy fui yo la v\u00edctima siendo un candidato; qu\u00e9 se puede esperar para la ciudadan\u00eda. Muchas personas me han relatado situaciones similares y yo creo que no es justo permitirles abusar del poder\u201d, dijo Cayetano Z\u00fa\u00f1iga.<\/p>\n\n\n\n<p>\u201cSanta Cruz Amilpas se ha caracterizado por demasiado atropellante en su control, pero s\u00f3lo en el casco; cometen atropellos que las personas por su ignorancia no se dan cuenta que son delictivos\u201d, expuso Perla Woolrich.<\/p>\n\n\n\n<p>Otro caso fue el de Luis Armando Olivera, de la Villa de Mitla, quien expuso durante la conferencia que, debido a la oposici\u00f3n al centro de reciclaje que se pretend\u00eda instalar en la zona de los Albarradas, ha sufrido represiones por parte del gobierno del estado.<\/p>\n\n\n\n<p>Mismas que se incrementaron cuando se decidi\u00f3 apoyar a San Lucas Quiavini en los bloqueos ante los incendios forestales, ante lo cual ha sido objeto de auditor\u00edas, que no han sido programadas, y que buscan intimidarlo.<\/p>\n\n\n\n<p>La dirigente del PAN, Perla Woolrich, reproch\u00f3 que se act\u00fae de esta manera en contra de sus candidatos y pidi\u00f3 mayores garant\u00edas en el proceso electoral.<\/p>\n\n\n\n<p>Asimismo, reiter\u00f3 que la candidata presidencial X\u00f3chitl G\u00e1lvez sigue creciendo en las encuestas y por miedo, los morenistas act\u00faan de manera violenta en contra de sus opositores.<\/p>\n\n\n\n<figure class=\"wp-block-embed is-type-rich is-provider-twitter wp-block-embed-twitter\"><div class=\"wp-block-embed__wrapper\">\n<div class=\"twitter-tweet\"><blockquote class=\"twitter-tweet\" data-lang=\"es\"><p lang=\"es\" dir=\"ltr\">La presidenta del comit\u00e9 estatal del <a href=\"https:\/\/twitter.com\/PANOaxaca?ref_src=twsrc%5Etfw\">@PANOaxaca<\/a>, <a href=\"https:\/\/twitter.com\/PerlaWoolrich?ref_src=twsrc%5Etfw\">@PerlaWoolrich<\/a>, destac\u00f3 hoy los resultados positivos de la candidata presidencial <a href=\"https:\/\/twitter.com\/XochitlGalvez?ref_src=twsrc%5Etfw\">@XochitlGalvez<\/a>, durante el debate del pasado domingo.<br>Tambi\u00e9n se dio a conocer en conferencia de prensa las vejaciones por parte de la polic\u00eda\u2026 <a href=\"https:\/\/t.co\/qMmMusQNxB\">pic.twitter.com\/qMmMusQNxB<\/a><\/p>&mdash; Zona Roja Oaxaca (@ZonaRoja_Oaxaca) <a href=\"https:\/\/twitter.com\/ZonaRoja_Oaxaca\/status\/1785877626474692993?ref_src=twsrc%5Etfw\">2 de mayo de 2024<\/a><\/blockquote><\/div>\n<\/div><\/figure>\n","protected":false},"excerpt":{"rendered":"<p>Ismael Garc\u00eda M.\/Zona Roja. Oaxaca de Ju\u00e1rez, Oax., a 2 de mayo de 2024.- Con&hellip;<\/p>\n","protected":false},"author":2,"featured_media":67902,"comment_status":"closed","ping_status":"open","sticky":false,"template":"","format":"standard","meta":{"_lmt_disableupdate":"","_lmt_disable":"","_jetpack_memberships_contains_paid_content":false,"footnotes":""},"categories":[109,46],"tags":[3874],"class_list":["post-67901","post","type-post","status-publish","format-standard","has-post-thumbnail","hentry","category-minuto-a-minuto","category-zona-blanca","tag-perla-woolrich"],"jetpack_featured_media_url":"https:\/\/zonaroja.com.mx\/wp-content\/uploads\/2024\/05\/Perla-Woolrich-PAN-y-candidato-Santa-Cruz-Amilpas.jpg","jetpack_sharing_enabled":true,"_links":{"self":[{"href":"https:\/\/zonaroja.com.mx\/index.php?rest_route=\/wp\/v2\/posts\/67901","targetHints":{"allow":["GET"]}}],"collection":[{"href":"https:\/\/zonaroja.com.mx\/index.php?rest_route=\/wp\/v2\/posts"}],"about":[{"href":"https:\/\/zonaroja.com.mx\/index.php?rest_route=\/wp\/v2\/types\/post"}],"author":[{"embeddable":true,"href":"https:\/\/zonaroja.com.mx\/index.php?rest_route=\/wp\/v2\/users\/2"}],"replies":[{"embeddable":true,"href":"https:\/\/zonaroja.com.mx\/index.php?rest_route=%2Fwp%2Fv2%2Fcomments&post=67901"}],"version-history":[{"count":1,"href":"https:\/\/zonaroja.com.mx\/index.php?rest_route=\/wp\/v2\/posts\/67901\/revisions"}],"predecessor-version":[{"id":67903,"href":"https:\/\/zonaroja.com.mx\/index.php?rest_route=\/wp\/v2\/posts\/67901\/revisions\/67903"}],"wp:featuredmedia":[{"embeddable":true,"href":"https:\/\/zonaroja.com.mx\/index.php?rest_route=\/wp\/v2\/media\/67902"}],"wp:attachment":[{"href":"https:\/\/zonaroja.com.mx\/index.php?rest_route=%2Fwp%2Fv2%2Fmedia&parent=67901"}],"wp:term":[{"taxonomy":"category","embeddable":true,"href":"https:\/\/zonaroja.com.mx\/index.php?rest_route=%2Fwp%2Fv2%2Fcategories&post=67901"},{"taxonomy":"post_tag","embeddable":true,"href":"https:\/\/zonaroja.com.mx\/index.php?rest_route=%2Fwp%2Fv2%2Ftags&post=67901"}],"curies":[{"name":"wp","href":"https:\/\/api.w.org\/{rel}","templated":true}]}}