{"id":67910,"date":"2024-05-02T18:57:49","date_gmt":"2024-05-03T00:57:49","guid":{"rendered":"https:\/\/zonaroja.com.mx\/?p=67910"},"modified":"2024-05-02T18:57:51","modified_gmt":"2024-05-03T00:57:51","slug":"fiscalia-detiene-en-el-istmo-a-presuntos-narcomenudistas-en-valles-a-robaautos","status":"publish","type":"post","link":"https:\/\/zonaroja.com.mx\/?p=67910","title":{"rendered":"Fiscal\u00eda detiene en el Istmo a presuntos narcomenudistas; en Valles, a robaautos"},"content":{"rendered":"\n<p>Redacci\u00f3n\/Zona Roja.<\/p>\n\n\n\n<p>Oaxaca de Ju\u00e1rez, Oax., a 02 de mayo de 2024.- La Fiscal\u00eda General del Estado de Oaxaca (FGEO) ejecut\u00f3 una orden de cateo en la regi\u00f3n del Istmo de Tehuantepec, derivado de la cual se logr\u00f3 la detenci\u00f3n de dos personas, una de ellas originaria del estado de Chiapas, por el delito contra la salud en su modalidad de narcomenudeo con fines de venta.<\/p>\n\n\n\n<p>Durante la tarde del s\u00e1bado 27 de abril de 2024, la FGEO encabez\u00f3 un operativo coordinado en el que participaron elementos de la Agencia Estatal de Investigaciones (AEI), as\u00ed como de la Secretar\u00eda de la Defensa Nacional (SEDENA) y la Guardia Nacional (GN), por lo que ingresaron a un domicilio ubicado en el municipio de El Espinal.&nbsp;<\/p>\n\n\n\n<p>Como resultado del operativo policial, se encontraron dosis de diversas drogas con caracter\u00edsticas similares a la mariguana y cristal, as\u00ed como la detenci\u00f3n de E.G.H., originario del estado de Chiapas y F.J.D.G., originario de la regi\u00f3n del Istmo, quienes fueron puestos a disposici\u00f3n de la autoridad correspondiente por el delito contra la salud en su modalidad de narcomenudeo con fines de venta.<\/p>\n\n\n\n<p>EN VALLES<\/p>\n\n\n\n<p>En otro hecho y derivado de los trabajos de inteligencia e investigaci\u00f3n efectuados por personal de la Fiscal\u00eda General, a trav\u00e9s de la unidad especializada en Combate al Robo de Veh\u00edculos dependiente de la Fiscal\u00eda Especializada para la Atenci\u00f3n a Delitos de Alto Impacto, logr\u00f3 la desarticulaci\u00f3n de una banda dedicada al robo de veh\u00edculos, luego de la aprehensi\u00f3n, vinculaci\u00f3n a proceso y prisi\u00f3n preventiva de dos personas del sexo masculino identificadas como&nbsp; J.C.G.L y R.I.S.M., por lo que se investiga su probable relaci\u00f3n con varios casos ocurridos en la capital de la entidad y Valles Centrales.<\/p>\n\n\n\n<p>Al realizar el an\u00e1lisis e investigaci\u00f3n a partir de denuncias por robo de veh\u00edculos, la FGEO, con la finalidad de combatir y minimizar la comisi\u00f3n de este delito en la capital oaxaque\u00f1a, se obtuvieron dos \u00f3rdenes de aprehensi\u00f3n.<\/p>\n\n\n\n<p>Por lo cual, elementos de la Agencia Estatal de Investigaciones (AEI) realizaron la detenci\u00f3n simult\u00e1nea en dos operativos coordinados en diversos puntos de la ciudad de Oaxaca, de dos personas del sexo masculino identificadas como&nbsp; J.C.G.L y R.I.S.M., quienes presumiblemente estar\u00edan relacionados con una banda responsable de diversos robos de veh\u00edculos de motor cometidos con violencia.<\/p>\n\n\n\n<p>Despu\u00e9s de que, conforme a derecho, les fue ejecutada la orden de aprehensi\u00f3n en contra de los imputados por el delito de robo de veh\u00edculo de motor con violencia, ambas personas fueron presentadas ante el Juez de Control que, tras evaluar los datos de prueba obtenidos por la FGEO, dict\u00f3 auto de vinculaci\u00f3n a proceso e impuso la medida cautelar de prisi\u00f3n preventiva en su contra.&nbsp;&nbsp;<\/p>\n\n\n\n<p>El mandato judicial que se cumpliment\u00f3, deriva de los hechos ocurridos el 15 de enero de 2024, en calles aleda\u00f1as al municipio de San Jacinto Amilpas, cuando un grupo de personas, con lujo de violencia y portando armas de fuego, despojaron a la v\u00edctima de un veh\u00edculo.<\/p>\n\n\n\n<p>Estas detenciones son parte de las acciones que realiza la Fiscal\u00eda de Oaxaca para combatir directamente la comisi\u00f3n de delitos de Alto Impacto en los Valles Centrales, para garantizar la seguridad p\u00fablica a favor de la ciudadan\u00eda.<\/p>\n","protected":false},"excerpt":{"rendered":"<p>Redacci\u00f3n\/Zona Roja. Oaxaca de Ju\u00e1rez, Oax., a 02 de mayo de 2024.- La Fiscal\u00eda General&hellip;<\/p>\n","protected":false},"author":2,"featured_media":67911,"comment_status":"closed","ping_status":"open","sticky":false,"template":"","format":"standard","meta":{"_lmt_disableupdate":"","_lmt_disable":"","_jetpack_memberships_contains_paid_content":false,"footnotes":""},"categories":[109,46],"tags":[494],"class_list":["post-67910","post","type-post","status-publish","format-standard","has-post-thumbnail","hentry","category-minuto-a-minuto","category-zona-blanca","tag-fiscalia-general-del-estado-de-oaxaca"],"jetpack_featured_media_url":"https:\/\/zonaroja.com.mx\/wp-content\/uploads\/2024\/05\/Detenidos-Fiscalia-cateos-Istmo-y-Valles.jpg","jetpack_sharing_enabled":true,"_links":{"self":[{"href":"https:\/\/zonaroja.com.mx\/index.php?rest_route=\/wp\/v2\/posts\/67910","targetHints":{"allow":["GET"]}}],"collection":[{"href":"https:\/\/zonaroja.com.mx\/index.php?rest_route=\/wp\/v2\/posts"}],"about":[{"href":"https:\/\/zonaroja.com.mx\/index.php?rest_route=\/wp\/v2\/types\/post"}],"author":[{"embeddable":true,"href":"https:\/\/zonaroja.com.mx\/index.php?rest_route=\/wp\/v2\/users\/2"}],"replies":[{"embeddable":true,"href":"https:\/\/zonaroja.com.mx\/index.php?rest_route=%2Fwp%2Fv2%2Fcomments&post=67910"}],"version-history":[{"count":1,"href":"https:\/\/zonaroja.com.mx\/index.php?rest_route=\/wp\/v2\/posts\/67910\/revisions"}],"predecessor-version":[{"id":67912,"href":"https:\/\/zonaroja.com.mx\/index.php?rest_route=\/wp\/v2\/posts\/67910\/revisions\/67912"}],"wp:featuredmedia":[{"embeddable":true,"href":"https:\/\/zonaroja.com.mx\/index.php?rest_route=\/wp\/v2\/media\/67911"}],"wp:attachment":[{"href":"https:\/\/zonaroja.com.mx\/index.php?rest_route=%2Fwp%2Fv2%2Fmedia&parent=67910"}],"wp:term":[{"taxonomy":"category","embeddable":true,"href":"https:\/\/zonaroja.com.mx\/index.php?rest_route=%2Fwp%2Fv2%2Fcategories&post=67910"},{"taxonomy":"post_tag","embeddable":true,"href":"https:\/\/zonaroja.com.mx\/index.php?rest_route=%2Fwp%2Fv2%2Ftags&post=67910"}],"curies":[{"name":"wp","href":"https:\/\/api.w.org\/{rel}","templated":true}]}}