{"id":67913,"date":"2024-05-02T20:15:46","date_gmt":"2024-05-03T02:15:46","guid":{"rendered":"https:\/\/zonaroja.com.mx\/?p=67913"},"modified":"2024-05-02T20:15:48","modified_gmt":"2024-05-03T02:15:48","slug":"obispo-de-chilpancingo-permanecio-en-un-motel-durante-su-desaparicion-ces","status":"publish","type":"post","link":"https:\/\/zonaroja.com.mx\/?p=67913","title":{"rendered":"Obispo de Chilpancingo permaneci\u00f3 en un motel durante su desaparici\u00f3n: CES"},"content":{"rendered":"\n<p>Redacci\u00f3n\/Zona Roja Cdmx.<\/p>\n\n\n\n<p>Ciudad de M\u00e9xico, a 2 de mayo de 2024.- El obispo em\u00e9rito de la Di\u00f3cesis Chilapa-Chilpancingo, Salvador Rangel Mendoza, habr\u00eda permanecido en el motel \u201cReal Ocotepec\u201d, los dos d\u00edas que estuvo desaparecido, seg\u00fan videos que muestran que el prelado ingres\u00f3 a ese lugar por su propio pie y en compa\u00f1\u00eda de un hombre que despu\u00e9s se retir\u00f3.<\/p>\n\n\n\n<p>As\u00ed lo dio a conocer el comisionado estatal de Seguridad (CES), Jos\u00e9 Ortiz Guarneros, quien confirm\u00f3 que Rangel Mendoza permaneci\u00f3 en el hostal el s\u00e1bado 27 y el domingo 28, hasta que fue rescatado por la Cruz Roja, seg\u00fan la informaci\u00f3n en su poder.<\/p>\n\n\n\n<p>El obispo Rangel fue reportado como desaparecido el s\u00e1bado, luego de salir de su casa el viernes. El domingo lleg\u00f3 en calidad de desconocido al Hospital \u201cJos\u00e9 G. Parres\u201d de Cuernavaca y hasta el lunes fue identificado. Desde la noche del lunes se encuentra en un hospital privado.<\/p>\n\n\n\n<p>La tarde de ese d\u00eda el fiscal Uriel Carmona afirm\u00f3 que probablemente se trat\u00f3 de un secuestro, ya que fueron extra\u00eddas cantidades de dinero de sus tarjetas.<\/p>\n\n\n\n<p>El mi\u00e9rcoles se confirm\u00f3 que al cl\u00e9rigo le fue encontrada coca\u00edna y benzodiacepinas (sedante) en su cuerpo, lo que hace creer a la CES que no se trat\u00f3 de un delito.<\/p>\n\n\n\n<p>\u201cHasta donde sabemos, entr\u00f3 voluntariamente al motel con una persona del mismo sexo, esa persona despu\u00e9s se retir\u00f3, pero es todo lo que sabemos, porque no s\u00e9, nos fuimos a pedir informaci\u00f3n, pero no, ya hab\u00eda llegado la Fiscal\u00eda y no nos permitieron\u201d, declar\u00f3 el funcionario.<\/p>\n\n\n\n<p>\u201cNosotros pensamos que no es un secuestro expr\u00e9s, pero el fiscal (Uriel Carmona G\u00e1ndara), tendr\u00e1 que demostrar por qu\u00e9 s\u00ed fue un secuestro expr\u00e9s con en base a que lo dijo, y bueno, pues eso s\u00ed seguir\u00e1 dando qu\u00e9 decir\u201d, agreg\u00f3.<\/p>\n\n\n\n<p>Finalmente, Ortiz Guarneros dijo que la informaci\u00f3n con la que cuenta la CES ya fue entregada a la FGE.<\/p>\n\n\n\n<p>(Informaci\u00f3n de \u201cLa Jornada\u201d)<\/p>\n","protected":false},"excerpt":{"rendered":"<p>Redacci\u00f3n\/Zona Roja Cdmx. Ciudad de M\u00e9xico, a 2 de mayo de 2024.- El obispo em\u00e9rito&hellip;<\/p>\n","protected":false},"author":2,"featured_media":67914,"comment_status":"closed","ping_status":"open","sticky":false,"template":"","format":"standard","meta":{"_lmt_disableupdate":"","_lmt_disable":"","_jetpack_memberships_contains_paid_content":false,"footnotes":""},"categories":[109,47],"tags":[3924],"class_list":["post-67913","post","type-post","status-publish","format-standard","has-post-thumbnail","hentry","category-minuto-a-minuto","category-zona-gris","tag-obispo-salvador-rangel"],"jetpack_featured_media_url":"https:\/\/zonaroja.com.mx\/wp-content\/uploads\/2024\/05\/Obispo-Salvador-Rangel-Mendoza.jpeg","jetpack_sharing_enabled":true,"_links":{"self":[{"href":"https:\/\/zonaroja.com.mx\/index.php?rest_route=\/wp\/v2\/posts\/67913","targetHints":{"allow":["GET"]}}],"collection":[{"href":"https:\/\/zonaroja.com.mx\/index.php?rest_route=\/wp\/v2\/posts"}],"about":[{"href":"https:\/\/zonaroja.com.mx\/index.php?rest_route=\/wp\/v2\/types\/post"}],"author":[{"embeddable":true,"href":"https:\/\/zonaroja.com.mx\/index.php?rest_route=\/wp\/v2\/users\/2"}],"replies":[{"embeddable":true,"href":"https:\/\/zonaroja.com.mx\/index.php?rest_route=%2Fwp%2Fv2%2Fcomments&post=67913"}],"version-history":[{"count":1,"href":"https:\/\/zonaroja.com.mx\/index.php?rest_route=\/wp\/v2\/posts\/67913\/revisions"}],"predecessor-version":[{"id":67915,"href":"https:\/\/zonaroja.com.mx\/index.php?rest_route=\/wp\/v2\/posts\/67913\/revisions\/67915"}],"wp:featuredmedia":[{"embeddable":true,"href":"https:\/\/zonaroja.com.mx\/index.php?rest_route=\/wp\/v2\/media\/67914"}],"wp:attachment":[{"href":"https:\/\/zonaroja.com.mx\/index.php?rest_route=%2Fwp%2Fv2%2Fmedia&parent=67913"}],"wp:term":[{"taxonomy":"category","embeddable":true,"href":"https:\/\/zonaroja.com.mx\/index.php?rest_route=%2Fwp%2Fv2%2Fcategories&post=67913"},{"taxonomy":"post_tag","embeddable":true,"href":"https:\/\/zonaroja.com.mx\/index.php?rest_route=%2Fwp%2Fv2%2Ftags&post=67913"}],"curies":[{"name":"wp","href":"https:\/\/api.w.org\/{rel}","templated":true}]}}