{"id":67919,"date":"2024-05-02T22:02:11","date_gmt":"2024-05-03T04:02:11","guid":{"rendered":"https:\/\/zonaroja.com.mx\/?p=67919"},"modified":"2024-05-02T22:02:12","modified_gmt":"2024-05-03T04:02:12","slug":"en-puerto-escondido-un-asesinado-y-dos-heridos-este-jueves","status":"publish","type":"post","link":"https:\/\/zonaroja.com.mx\/?p=67919","title":{"rendered":"En Puerto Escondido, un asesinado y dos heridos este jueves"},"content":{"rendered":"\n<p>Raymundo Morales\/Zona Roja.<\/p>\n\n\n\n<p>Oaxaca de Ju\u00e1rez, Oax., a 2 de mayo de 2024.- Una persona fallecida y dos m\u00e1s lesionadas es el saldo de un ataque armado ocurrido la madrugada de este jueves en el destino tur\u00edstico de Puerto Escondido.<\/p>\n\n\n\n<p>De acuerdo con informes policiacos, los hechos ocurrieron alrededor de las 01:30 horas en la calle Segunda Poniente, donde los vecinos pidieron el auxilio policiaco, ante las detonaciones de armas de fuego, al parecer de grueso calibre.<\/p>\n\n\n\n<p>A la llegada de param\u00e9dicos, \u00e9stos corroboraron que una de las v\u00edctimas de la agresi\u00f3n a balazos ya no contaba con signos vitales, mientras que otras dos fueron trasladadas a un hospital.<\/p>\n\n\n\n<p>El hoy occiso respondi\u00f3 en vida al nombre de Ulises Omar \u201cN\u201d, de aproximadamente 24 a\u00f1os de edad, y era originario de dicha agencia de Puerto Escondido, perteneciente al municipio de San Pedro Mixtepec.<\/p>\n\n\n\n<p>Personal de la Vicefiscal\u00eda Regional de la Costa, dependiente de la Fiscal\u00eda General del Estado de Oaxaca, inici\u00f3 las indagatorias, a fin de esclarecer los hechos y buscar justicia.<\/p>\n","protected":false},"excerpt":{"rendered":"<p>Raymundo Morales\/Zona Roja. Oaxaca de Ju\u00e1rez, Oax., a 2 de mayo de 2024.- Una persona&hellip;<\/p>\n","protected":false},"author":2,"featured_media":67920,"comment_status":"closed","ping_status":"open","sticky":false,"template":"","format":"standard","meta":{"_lmt_disableupdate":"","_lmt_disable":"","_jetpack_memberships_contains_paid_content":false,"footnotes":""},"categories":[109,51],"tags":[590],"class_list":["post-67919","post","type-post","status-publish","format-standard","has-post-thumbnail","hentry","category-minuto-a-minuto","category-zona-roja","tag-puerto-escondido"],"jetpack_featured_media_url":"https:\/\/zonaroja.com.mx\/wp-content\/uploads\/2024\/05\/Ciudad-de-Puerto-Escondido-Oaxaca.jpeg","jetpack_sharing_enabled":true,"_links":{"self":[{"href":"https:\/\/zonaroja.com.mx\/index.php?rest_route=\/wp\/v2\/posts\/67919","targetHints":{"allow":["GET"]}}],"collection":[{"href":"https:\/\/zonaroja.com.mx\/index.php?rest_route=\/wp\/v2\/posts"}],"about":[{"href":"https:\/\/zonaroja.com.mx\/index.php?rest_route=\/wp\/v2\/types\/post"}],"author":[{"embeddable":true,"href":"https:\/\/zonaroja.com.mx\/index.php?rest_route=\/wp\/v2\/users\/2"}],"replies":[{"embeddable":true,"href":"https:\/\/zonaroja.com.mx\/index.php?rest_route=%2Fwp%2Fv2%2Fcomments&post=67919"}],"version-history":[{"count":1,"href":"https:\/\/zonaroja.com.mx\/index.php?rest_route=\/wp\/v2\/posts\/67919\/revisions"}],"predecessor-version":[{"id":67921,"href":"https:\/\/zonaroja.com.mx\/index.php?rest_route=\/wp\/v2\/posts\/67919\/revisions\/67921"}],"wp:featuredmedia":[{"embeddable":true,"href":"https:\/\/zonaroja.com.mx\/index.php?rest_route=\/wp\/v2\/media\/67920"}],"wp:attachment":[{"href":"https:\/\/zonaroja.com.mx\/index.php?rest_route=%2Fwp%2Fv2%2Fmedia&parent=67919"}],"wp:term":[{"taxonomy":"category","embeddable":true,"href":"https:\/\/zonaroja.com.mx\/index.php?rest_route=%2Fwp%2Fv2%2Fcategories&post=67919"},{"taxonomy":"post_tag","embeddable":true,"href":"https:\/\/zonaroja.com.mx\/index.php?rest_route=%2Fwp%2Fv2%2Ftags&post=67919"}],"curies":[{"name":"wp","href":"https:\/\/api.w.org\/{rel}","templated":true}]}}