{"id":67925,"date":"2024-05-03T08:29:00","date_gmt":"2024-05-03T14:29:00","guid":{"rendered":"https:\/\/zonaroja.com.mx\/?p=67925"},"modified":"2024-05-03T07:19:39","modified_gmt":"2024-05-03T13:19:39","slug":"cumple-cinco-dias-retencion-de-autoridades-en-la-mixteca-de-oaxaca","status":"publish","type":"post","link":"https:\/\/zonaroja.com.mx\/?p=67925","title":{"rendered":"Cumple cinco d\u00edas retenci\u00f3n de autoridades en la Mixteca de Oaxaca"},"content":{"rendered":"\n<p>Ismael Garc\u00eda M.\/Zona Roja.<\/p>\n\n\n\n<p>Oaxaca de Ju\u00e1rez, Oax., a 3 de mayo de 2024.- Al menos ocho integrantes del Cabildo de Santiago Yosond\u00faa cumplen hoy cinco d\u00edas de retenci\u00f3n en la comunidad de Santa Catarina Cuanana, en la regi\u00f3n Mixteca de Oaxaca.<\/p>\n\n\n\n<p>Se trata del presidente municipal Cristino Ram\u00edrez Ch\u00e1vez y siete concejales m\u00e1s, quienes llegaron el lunes a esa agencia municipal para encabezar una reuni\u00f3n de trabajo sobre los recursos presupuestales, pero fueron retenidos.<\/p>\n\n\n\n<p>Aunque no se encuentran en la c\u00e1rcel sino en un sal\u00f3n del palacio municipal, adem\u00e1s de que reciben los alimentos, hasta ahora, los pobladores de Yosond\u00faa se quejan que hasta el momento el Gobierno del Estado no ha intervenido.<\/p>\n\n\n\n<p>En tanto que los moradores de Cuanana insisten en que el ayuntamiento les adeuda recursos financieros de los ramos presupuestales federales 28 y 33.<\/p>\n\n\n\n<p>Tambi\u00e9n est\u00e1n retenidos Rosendo Mart\u00ednez Santiago, regidor de Hacienda; Pedro S\u00e1nchez Ojeda, de obras; Nayely Mart\u00ednez Mart\u00ednez, de Agricultura; Malaqu\u00edas L\u00f3pez Feria, de Salud; Jeimi Ch\u00e1vez Santiago, de Mercados; Pablo Velasco Mendoza, secretario Municipal, y Francisco Javier V\u00e1zquez Santiago,&nbsp; regidor de Enlace.<\/p>\n\n\n\n<p>Seg\u00fan la denuncia de autoridades auxiliares de Cuanana, el ayuntamiento s\u00f3lo les ofrece 10 mil pesos mensuales pero ellos consideran que deber\u00edan ser 50 mil pesos.<\/p>\n\n\n\n<p>Hasta el momento la Secretar\u00eda de Gobierno no ha emitido informaci\u00f3n al respecto, si hay mediadores en la zona para destrabar el conflicto.<\/p>\n","protected":false},"excerpt":{"rendered":"<p>Ismael Garc\u00eda M.\/Zona Roja. Oaxaca de Ju\u00e1rez, Oax., a 3 de mayo de 2024.- Al&hellip;<\/p>\n","protected":false},"author":2,"featured_media":67926,"comment_status":"closed","ping_status":"open","sticky":false,"template":"","format":"standard","meta":{"_lmt_disableupdate":"","_lmt_disable":"","_jetpack_memberships_contains_paid_content":false,"footnotes":""},"categories":[109,47],"tags":[3925],"class_list":["post-67925","post","type-post","status-publish","format-standard","has-post-thumbnail","hentry","category-minuto-a-minuto","category-zona-gris","tag-santiago-yosondua"],"jetpack_featured_media_url":"https:\/\/zonaroja.com.mx\/wp-content\/uploads\/2024\/05\/Retenidos-Yosondua-en-Cuanana.jpg","jetpack_sharing_enabled":true,"_links":{"self":[{"href":"https:\/\/zonaroja.com.mx\/index.php?rest_route=\/wp\/v2\/posts\/67925","targetHints":{"allow":["GET"]}}],"collection":[{"href":"https:\/\/zonaroja.com.mx\/index.php?rest_route=\/wp\/v2\/posts"}],"about":[{"href":"https:\/\/zonaroja.com.mx\/index.php?rest_route=\/wp\/v2\/types\/post"}],"author":[{"embeddable":true,"href":"https:\/\/zonaroja.com.mx\/index.php?rest_route=\/wp\/v2\/users\/2"}],"replies":[{"embeddable":true,"href":"https:\/\/zonaroja.com.mx\/index.php?rest_route=%2Fwp%2Fv2%2Fcomments&post=67925"}],"version-history":[{"count":1,"href":"https:\/\/zonaroja.com.mx\/index.php?rest_route=\/wp\/v2\/posts\/67925\/revisions"}],"predecessor-version":[{"id":67927,"href":"https:\/\/zonaroja.com.mx\/index.php?rest_route=\/wp\/v2\/posts\/67925\/revisions\/67927"}],"wp:featuredmedia":[{"embeddable":true,"href":"https:\/\/zonaroja.com.mx\/index.php?rest_route=\/wp\/v2\/media\/67926"}],"wp:attachment":[{"href":"https:\/\/zonaroja.com.mx\/index.php?rest_route=%2Fwp%2Fv2%2Fmedia&parent=67925"}],"wp:term":[{"taxonomy":"category","embeddable":true,"href":"https:\/\/zonaroja.com.mx\/index.php?rest_route=%2Fwp%2Fv2%2Fcategories&post=67925"},{"taxonomy":"post_tag","embeddable":true,"href":"https:\/\/zonaroja.com.mx\/index.php?rest_route=%2Fwp%2Fv2%2Ftags&post=67925"}],"curies":[{"name":"wp","href":"https:\/\/api.w.org\/{rel}","templated":true}]}}