{"id":67928,"date":"2024-05-03T09:22:00","date_gmt":"2024-05-03T15:22:00","guid":{"rendered":"https:\/\/zonaroja.com.mx\/?p=67928"},"modified":"2024-05-03T07:45:48","modified_gmt":"2024-05-03T13:45:48","slug":"impediran-ambulantes-en-vialidad-remozada-de-la-capital-de-oaxaca","status":"publish","type":"post","link":"https:\/\/zonaroja.com.mx\/?p=67928","title":{"rendered":"Impedir\u00e1n ambulantes en vialidad remozada de la capital de Oaxaca"},"content":{"rendered":"\n<p>Ismael Garc\u00eda M.\/Zona Roja.<\/p>\n\n\n\n<p>Oaxaca de Ju\u00e1rez, Oax., a 3 de mayo de 2024.- La autoridad municipal de Oaxaca de Ju\u00e1rez asegur\u00f3 que mantiene vigilancia con inspectores en las cuatro calles remozadas de Bustamante, en el Centro Hist\u00f3rico, con la finalidad de impedir el ambulantaje.<\/p>\n\n\n\n<p>Y es que antes de la ampliaci\u00f3n de las banquetas de dichas vialidades, ambas aceras de la segunda a la cuarta calle estaban invadidas de vendedores informales de todo tipo de mercanc\u00eda, quienes ahora pretenden regresar a sus espacios.<\/p>\n\n\n\n<p>Fue el pasado 25 de abril en que se reabrieron a los peatones y a la circulaci\u00f3n vehicular dichas vialidades y el mismo d\u00eda hubo una protesta para exigir no m\u00e1s ambulantes; al d\u00eda siguiente, el gobernador Salom\u00f3n Jara Cruz y el entonces edil Francisco Mart\u00ednez Neri recorrieron la obra, ejecutada por el ayuntamiento.<\/p>\n\n\n\n<p>Pero al d\u00eda siguiente ya comenzaron a instalarse vendedores informales, aunque sin la infraestructura que ten\u00edan anteriormente.<\/p>\n\n\n\n<p>\u201cDe hecho el \u00e1rea correspondiente, que es la Secretar\u00eda de Gobierno, se encuentra haciendo operativos constantes, precisamente para evitar que se instalen; para hacer un recorrido en el Centro Hist\u00f3rico para el retiro puestos\u201d, asegur\u00f3 la encargada de la presidencia municipal, Judith Carre\u00f1o Hern\u00e1ndez.<\/p>\n\n\n\n<p>-\u00bfY c\u00f3mo hacerle?, porque luego los ambulantes se quejan de violencia o que les quitan su mercanc\u00eda.<\/p>\n\n\n\n<p>-El \u00e1rea tiene su procedimiento; primero les hace un llamamiento para que se retiren del lugar y cuando no hacen caso de los llamamientos, en algunos casos se procede con el retiro de mercanc\u00eda, pero ellos tienen que seguir su procedimiento administrativo para que se les haga la devoluci\u00f3n.<\/p>\n\n\n\n<p>-\u00bfC\u00f3mo recibe el despacho de la presidencia municipal? -se le cuestion\u00f3, tras la licencia del edil Francisco Mart\u00ednez Neri.<\/p>\n\n\n\n<p>-Todo en orden, todo est\u00e1 transcurriendo normalmente; los funcionarios est\u00e1n haciendo sus actividades.<\/p>\n\n\n\n<p>\u201cNo se suspenden los servicios, todo sigue normal; estamos atendiendo los pendientes que corresponden\u201d, respondi\u00f3 Judith Carre\u00f1o.<\/p>\n\n\n\n<p>La concejal de Hacienda respondi\u00f3 tambi\u00e9n acerca de la invasi\u00f3n de publicidad pol\u00edtica en el Centro Hist\u00f3rico y dijo que el \u00e1rea correspondiente revisar\u00e1 para que no se coloque material de campa\u00f1as pol\u00edticas en la zona.<\/p>\n\n\n\n<p>Habl\u00f3 tambi\u00e9n de la queja de habitantes de la colonia Guelaguetza, que denuncian invasi\u00f3n de un predio, y dijo que corresponden a un particular, quien cuenta con los documentos correspondientes.<\/p>\n\n\n\n<figure class=\"wp-block-embed is-type-rich is-provider-twitter wp-block-embed-twitter\"><div class=\"wp-block-embed__wrapper\">\n<div class=\"twitter-tweet\"><blockquote class=\"twitter-tweet\" data-lang=\"es\"><p lang=\"es\" dir=\"ltr\">La concejal Judith Carre\u00f1o encabez\u00f3 hoy la primera sesi\u00f3n de Cabildo del <a href=\"https:\/\/twitter.com\/MunicipioOaxaca?ref_src=twsrc%5Etfw\">@MunicipioOaxaca<\/a> como encargada de despacho de la presidencia, tras la licencia de <a href=\"https:\/\/twitter.com\/FMartinezNeri?ref_src=twsrc%5Etfw\">@FMartinezNeri<\/a>.<br>Fue entrevistada sobre diversos temas, entre ellos, el ambulantaje, la propaganda pol\u00edtica en el Centro\u2026 <a href=\"https:\/\/t.co\/qdz5OJz5TT\">pic.twitter.com\/qdz5OJz5TT<\/a><\/p>&mdash; Zona Roja Oaxaca (@ZonaRoja_Oaxaca) <a href=\"https:\/\/twitter.com\/ZonaRoja_Oaxaca\/status\/1786230239552532933?ref_src=twsrc%5Etfw\">3 de mayo de 2024<\/a><\/blockquote><\/div>\n<\/div><\/figure>\n","protected":false},"excerpt":{"rendered":"<p>Ismael Garc\u00eda M.\/Zona Roja. Oaxaca de Ju\u00e1rez, Oax., a 3 de mayo de 2024.- La&hellip;<\/p>\n","protected":false},"author":2,"featured_media":67930,"comment_status":"closed","ping_status":"open","sticky":false,"template":"","format":"standard","meta":{"_lmt_disableupdate":"","_lmt_disable":"","_jetpack_memberships_contains_paid_content":false,"footnotes":""},"categories":[109,46],"tags":[148],"class_list":["post-67928","post","type-post","status-publish","format-standard","has-post-thumbnail","hentry","category-minuto-a-minuto","category-zona-blanca","tag-oaxaca-de-juarez"],"jetpack_featured_media_url":"https:\/\/zonaroja.com.mx\/wp-content\/uploads\/2024\/05\/Judith-Carreno-Hernandez.jpg","jetpack_sharing_enabled":true,"_links":{"self":[{"href":"https:\/\/zonaroja.com.mx\/index.php?rest_route=\/wp\/v2\/posts\/67928","targetHints":{"allow":["GET"]}}],"collection":[{"href":"https:\/\/zonaroja.com.mx\/index.php?rest_route=\/wp\/v2\/posts"}],"about":[{"href":"https:\/\/zonaroja.com.mx\/index.php?rest_route=\/wp\/v2\/types\/post"}],"author":[{"embeddable":true,"href":"https:\/\/zonaroja.com.mx\/index.php?rest_route=\/wp\/v2\/users\/2"}],"replies":[{"embeddable":true,"href":"https:\/\/zonaroja.com.mx\/index.php?rest_route=%2Fwp%2Fv2%2Fcomments&post=67928"}],"version-history":[{"count":1,"href":"https:\/\/zonaroja.com.mx\/index.php?rest_route=\/wp\/v2\/posts\/67928\/revisions"}],"predecessor-version":[{"id":67931,"href":"https:\/\/zonaroja.com.mx\/index.php?rest_route=\/wp\/v2\/posts\/67928\/revisions\/67931"}],"wp:featuredmedia":[{"embeddable":true,"href":"https:\/\/zonaroja.com.mx\/index.php?rest_route=\/wp\/v2\/media\/67930"}],"wp:attachment":[{"href":"https:\/\/zonaroja.com.mx\/index.php?rest_route=%2Fwp%2Fv2%2Fmedia&parent=67928"}],"wp:term":[{"taxonomy":"category","embeddable":true,"href":"https:\/\/zonaroja.com.mx\/index.php?rest_route=%2Fwp%2Fv2%2Fcategories&post=67928"},{"taxonomy":"post_tag","embeddable":true,"href":"https:\/\/zonaroja.com.mx\/index.php?rest_route=%2Fwp%2Fv2%2Ftags&post=67928"}],"curies":[{"name":"wp","href":"https:\/\/api.w.org\/{rel}","templated":true}]}}