{"id":67935,"date":"2024-05-03T11:30:00","date_gmt":"2024-05-03T17:30:00","guid":{"rendered":"https:\/\/zonaroja.com.mx\/?p=67935"},"modified":"2024-05-03T07:59:43","modified_gmt":"2024-05-03T13:59:43","slug":"exigen-que-ley-de-acceso-a-mujeres-a-vida-sin-violencia-se-traduzca-a-lenguas-indigenas","status":"publish","type":"post","link":"https:\/\/zonaroja.com.mx\/?p=67935","title":{"rendered":"Exigen que Ley de Acceso a Mujeres a vida sin violencia se traduzca a lenguas ind\u00edgenas"},"content":{"rendered":"\n<p>Redacci\u00f3n\/Zona Roja.<\/p>\n\n\n\n<p>Oaxaca de Ju\u00e1rez, Oax., a 3 de mayo de 2024.- El 15 de abril de 2024, Mar\u00eda Fernanda Hern\u00e1ndez Morales, alumna de la Benem\u00e9rita Universidad de Oaxaca, conjuntamente con Litigio Estrat\u00e9gico Ind\u00edgena A.C. presentaron una demanda de amparo: reclamaron la omisi\u00f3n de traducir a las lenguas ind\u00edgenas de Oaxaca la Ley Estatal de Acceso de las Mujeres a una Vida Libre de Violencia de G\u00e9nero.<\/p>\n\n\n\n<p>A inicios del 2024, lamentablemente, en Oaxaca se registraron cinco feminicidios en comunidades ind\u00edgenas. Y de acuerdo un reporte publicado por la agrupaci\u00f3n feminista GES Mujer, el 2023 cerr\u00f3 con 95 feminicidios en Oaxaca y report\u00f3 que en el mes de enero de 2023 fue el mes m\u00e1s violento para las mujeres.<\/p>\n\n\n\n<p>Como estudiante de la carrera de derecho, Mar\u00eda Fernanda, sabe que para que se cumpla una ley es necesario previamente su difusi\u00f3n y que en muchas ocasiones, la ley no es accesible a las personas ind\u00edgenas porque no est\u00e1 traducida en su lengua materna.<\/p>\n\n\n\n<p>El amparo promovido por Litigio Estrat\u00e9gico Ind\u00edgena tiene como sustento el hecho de que la Ley General de Derechos Ling\u00fc\u00edsticos de los Pueblos Ind\u00edgenas establece el deber jur\u00eddico de las autoridades de los tres \u00f3rdenes de gobierno para que traduzcan leyes y programas a las lenguas ind\u00edgenas de los pueblos del pa\u00eds.<\/p>\n\n\n\n<p>A pesar de las alarmantes cifras, a las mujeres ind\u00edgenas no se les garantiza el derecho a conocer la normatividad aplicable en este caso, el derecho a tener una vida libre de violencia para las mujeres.<\/p>\n\n\n\n<p>Por eso, Mar\u00eda Fernanda decidi\u00f3 acudir a Litigio Estrat\u00e9gico Ind\u00edgena A.C.,&nbsp;asociaci\u00f3n civil que busca el rescate de los r\u00edos \u201cSalado\u201d y \u201cAtoyac\u201d y adem\u00e1s hacer vigente los derechos de los pueblos ind\u00edgenas.<\/p>\n\n\n\n<p>La demanda de amparo qued\u00f3 radicada en el juzgado segundo de Distrito en el Estado de Oaxaca, bajo el n\u00famero 380\/2024.<\/p>\n\n\n\n<p>Este juicio de amparo, busca ser un precedente importante para que las mujeres ind\u00edgenas puedan conocer, en su lengua ind\u00edgena, los mecanismos y derechos reconocidos en la Ley Estatal de Acceso de las Mujeres a una Vida Libre de Violencia de G\u00e9nero y se erradique de manera progresiva la violencia contra las mujeres ind\u00edgenas.<\/p>\n","protected":false},"excerpt":{"rendered":"<p>Redacci\u00f3n\/Zona Roja. Oaxaca de Ju\u00e1rez, Oax., a 3 de mayo de 2024.- El 15 de&hellip;<\/p>\n","protected":false},"author":2,"featured_media":67936,"comment_status":"closed","ping_status":"open","sticky":false,"template":"","format":"standard","meta":{"_lmt_disableupdate":"","_lmt_disable":"","_jetpack_memberships_contains_paid_content":false,"footnotes":""},"categories":[109,46],"tags":[3436],"class_list":["post-67935","post","type-post","status-publish","format-standard","has-post-thumbnail","hentry","category-minuto-a-minuto","category-zona-blanca","tag-litigio-estrategico-a-c"],"jetpack_featured_media_url":"https:\/\/zonaroja.com.mx\/wp-content\/uploads\/2024\/05\/Ley-de-acceso-mujeres-libre-de-violencia.jpeg","jetpack_sharing_enabled":true,"_links":{"self":[{"href":"https:\/\/zonaroja.com.mx\/index.php?rest_route=\/wp\/v2\/posts\/67935","targetHints":{"allow":["GET"]}}],"collection":[{"href":"https:\/\/zonaroja.com.mx\/index.php?rest_route=\/wp\/v2\/posts"}],"about":[{"href":"https:\/\/zonaroja.com.mx\/index.php?rest_route=\/wp\/v2\/types\/post"}],"author":[{"embeddable":true,"href":"https:\/\/zonaroja.com.mx\/index.php?rest_route=\/wp\/v2\/users\/2"}],"replies":[{"embeddable":true,"href":"https:\/\/zonaroja.com.mx\/index.php?rest_route=%2Fwp%2Fv2%2Fcomments&post=67935"}],"version-history":[{"count":1,"href":"https:\/\/zonaroja.com.mx\/index.php?rest_route=\/wp\/v2\/posts\/67935\/revisions"}],"predecessor-version":[{"id":67937,"href":"https:\/\/zonaroja.com.mx\/index.php?rest_route=\/wp\/v2\/posts\/67935\/revisions\/67937"}],"wp:featuredmedia":[{"embeddable":true,"href":"https:\/\/zonaroja.com.mx\/index.php?rest_route=\/wp\/v2\/media\/67936"}],"wp:attachment":[{"href":"https:\/\/zonaroja.com.mx\/index.php?rest_route=%2Fwp%2Fv2%2Fmedia&parent=67935"}],"wp:term":[{"taxonomy":"category","embeddable":true,"href":"https:\/\/zonaroja.com.mx\/index.php?rest_route=%2Fwp%2Fv2%2Fcategories&post=67935"},{"taxonomy":"post_tag","embeddable":true,"href":"https:\/\/zonaroja.com.mx\/index.php?rest_route=%2Fwp%2Fv2%2Ftags&post=67935"}],"curies":[{"name":"wp","href":"https:\/\/api.w.org\/{rel}","templated":true}]}}