{"id":67938,"date":"2024-05-03T11:59:00","date_gmt":"2024-05-03T17:59:00","guid":{"rendered":"https:\/\/zonaroja.com.mx\/?p=67938"},"modified":"2024-05-03T08:03:24","modified_gmt":"2024-05-03T14:03:24","slug":"declaran-en-magdalena-apasco-dia-de-las-canteras-y-los-canteros-de-oaxaca","status":"publish","type":"post","link":"https:\/\/zonaroja.com.mx\/?p=67938","title":{"rendered":"Declaran en Magdalena Apasco \u00abD\u00eda de las canteras y los canteros de Oaxaca\u00bb"},"content":{"rendered":"\n<p>Redacci\u00f3n\/Zona Roja.<\/p>\n\n\n\n<p>Oaxaca de Ju\u00e1rez, Oax., a 3 de mayo de 2024.- El Congreso del Estado entreg\u00f3 este jueves a la autoridad local y poblaci\u00f3n del municipio de Magdalena Apasco, los decretos aprobados por la 65 Legislatura local, mediante los cuales se declara el 2 de mayo de cada a\u00f1o como el \u00abD\u00eda de las canteras y los canteros de Oaxaca\u00bb, y se considera a los conocimientos y las t\u00e9cnicas de la canter\u00eda como bien cultural inmaterial del estado.<\/p>\n\n\n\n<p>Reunidos en la explanada municipal, en la regi\u00f3n de Valles Centrales, el presidente de la Junta de Coordinaci\u00f3n Pol\u00edtica (Jucopo), Sergio L\u00f3pez S\u00e1nchez, destac\u00f3 que por primera vez y a partir de este a\u00f1o se celebrar\u00e1 en Oaxaca a las mujeres y los hombres dedicados a la canter\u00eda, en reconocimiento a su trabajo.&nbsp;<\/p>\n\n\n\n<p>\u00abEste evento nos re\u00fane justamente para celebrar a las y los canteros, y reconocer p\u00fablicamente el trabajo que realizan de manera muy especial, aqu\u00ed en Magdalena Apasco, la cuna de los canteros, la cuna de donde se sigue promoviendo y se sigue impulsando este trabajo\u00bb, expres\u00f3.&nbsp;<\/p>\n\n\n\n<p>Por su parte, el presidente de la Comisi\u00f3n Permanente de Culturas, Artes, Juventud, Cultura F\u00edsica y Deporte, Sesul Bola\u00f1os L\u00f3pez, refiri\u00f3 que estas declaratorias son con el objetivo de proteger la canter\u00eda, y para reconocer \u00abel trabajo milenario y artesanal de cientos de oaxaque\u00f1os\u00bb.&nbsp;<\/p>\n\n\n\n<p>De parte del ayuntamiento, el edil Virgilio P\u00e9rez Santiago, fue quien recibi\u00f3 dichos decretos durante el acto que cont\u00f3 con la ceremonia c\u00edvica y cultural, en la cual particip\u00f3 la comunidad.&nbsp;<\/p>\n\n\n\n<p>Al evento asistieron tambi\u00e9n la diputada Elvia Gabriela P\u00e9rez L\u00f3pez, integrante de la Comisi\u00f3n de Culturas; y el legislador Pablo D\u00edaz, miembro de la Diputaci\u00f3n Permanente de la LXV Legislatura local.&nbsp;<\/p>\n\n\n\n<p>El 3 de abril de este a\u00f1o, el Pleno de la 65 Legislatura local aprob\u00f3 en sesi\u00f3n extraordinaria los dict\u00e1menes de la Comisi\u00f3n Permanente de Culturas, sobre la canter\u00eda.<\/p>\n\n\n\n<figure class=\"wp-block-embed is-type-rich is-provider-twitter wp-block-embed-twitter\"><div class=\"wp-block-embed__wrapper\">\n<div class=\"twitter-tweet\"><blockquote class=\"twitter-tweet\" data-lang=\"es\"><p lang=\"es\" dir=\"ltr\">Este jueves, el presidente de la Junta de Coordinaci\u00f3n Pol\u00edtica del <a href=\"https:\/\/twitter.com\/CongresoOaxaca_?ref_src=twsrc%5Etfw\">@CongresoOaxaca_<\/a>, <a href=\"https:\/\/twitter.com\/SergioLopez_S?ref_src=twsrc%5Etfw\">@SergioLopez_S<\/a>, presidi\u00f3 en el municipio de Magdalena Apasco, Etla, la entrega del decreto que declara las &quot;T\u00e9cnicas y Conocimientos de la Canter\u00eda como Bien Cultural Inmaterial del Estado de\u2026 <a href=\"https:\/\/t.co\/JJXaNP5aYQ\">pic.twitter.com\/JJXaNP5aYQ<\/a><\/p>&mdash; Zona Roja Oaxaca (@ZonaRoja_Oaxaca) <a href=\"https:\/\/twitter.com\/ZonaRoja_Oaxaca\/status\/1786161013311656161?ref_src=twsrc%5Etfw\">2 de mayo de 2024<\/a><\/blockquote><\/div>\n<\/div><\/figure>\n","protected":false},"excerpt":{"rendered":"<p>Redacci\u00f3n\/Zona Roja. Oaxaca de Ju\u00e1rez, Oax., a 3 de mayo de 2024.- El Congreso del&hellip;<\/p>\n","protected":false},"author":2,"featured_media":67939,"comment_status":"closed","ping_status":"open","sticky":false,"template":"","format":"standard","meta":{"_lmt_disableupdate":"","_lmt_disable":"","_jetpack_memberships_contains_paid_content":false,"footnotes":""},"categories":[109,46],"tags":[2743],"class_list":["post-67938","post","type-post","status-publish","format-standard","has-post-thumbnail","hentry","category-minuto-a-minuto","category-zona-blanca","tag-65-legislatura-del-estado-de-oaxaca"],"jetpack_featured_media_url":"https:\/\/zonaroja.com.mx\/wp-content\/uploads\/2024\/05\/Magdalena-Apasco-diputados-dia-canteros.jpg","jetpack_sharing_enabled":true,"_links":{"self":[{"href":"https:\/\/zonaroja.com.mx\/index.php?rest_route=\/wp\/v2\/posts\/67938","targetHints":{"allow":["GET"]}}],"collection":[{"href":"https:\/\/zonaroja.com.mx\/index.php?rest_route=\/wp\/v2\/posts"}],"about":[{"href":"https:\/\/zonaroja.com.mx\/index.php?rest_route=\/wp\/v2\/types\/post"}],"author":[{"embeddable":true,"href":"https:\/\/zonaroja.com.mx\/index.php?rest_route=\/wp\/v2\/users\/2"}],"replies":[{"embeddable":true,"href":"https:\/\/zonaroja.com.mx\/index.php?rest_route=%2Fwp%2Fv2%2Fcomments&post=67938"}],"version-history":[{"count":1,"href":"https:\/\/zonaroja.com.mx\/index.php?rest_route=\/wp\/v2\/posts\/67938\/revisions"}],"predecessor-version":[{"id":67940,"href":"https:\/\/zonaroja.com.mx\/index.php?rest_route=\/wp\/v2\/posts\/67938\/revisions\/67940"}],"wp:featuredmedia":[{"embeddable":true,"href":"https:\/\/zonaroja.com.mx\/index.php?rest_route=\/wp\/v2\/media\/67939"}],"wp:attachment":[{"href":"https:\/\/zonaroja.com.mx\/index.php?rest_route=%2Fwp%2Fv2%2Fmedia&parent=67938"}],"wp:term":[{"taxonomy":"category","embeddable":true,"href":"https:\/\/zonaroja.com.mx\/index.php?rest_route=%2Fwp%2Fv2%2Fcategories&post=67938"},{"taxonomy":"post_tag","embeddable":true,"href":"https:\/\/zonaroja.com.mx\/index.php?rest_route=%2Fwp%2Fv2%2Ftags&post=67938"}],"curies":[{"name":"wp","href":"https:\/\/api.w.org\/{rel}","templated":true}]}}