{"id":6794,"date":"2019-12-19T15:46:19","date_gmt":"2019-12-19T21:46:19","guid":{"rendered":"http:\/\/www.zonaroja.com.mx\/?p=6794"},"modified":"2019-12-19T15:46:22","modified_gmt":"2019-12-19T21:46:22","slug":"hoy-vivira-oaxaca-su-tercera-posada-del-chocolate-en-el-centro-san-pablo","status":"publish","type":"post","link":"https:\/\/zonaroja.com.mx\/?p=6794","title":{"rendered":"\u00a1Hoy! Vivir\u00e1 Oaxaca su tercera posada del chocolate en el Centro \u201cSan Pablo\u201d"},"content":{"rendered":"\n<p>Evlin Arag\u00f3n\/Zona Roja.  Fotos: Cortes\u00eda FAHO<\/p>\n\n\n\n<p>Oaxaca de Ju\u00e1rez, Oax., 19 de diciembre\nde 2019.- Desde la tarde de este jueves y ma\u00f1ana viernes se llevar\u00e1 a cabo por\ntercer a\u00f1o consecutivo la Posada del Chocolate 2019, &nbsp;en el Centro Cultural \u201cSan Pablo\u201d en donde\nhabr\u00e1 degustaci\u00f3n de productos elaborados con este importante alimento para la\ncultura gastron\u00f3mica oaxaque\u00f1a.<\/p>\n\n\n\n<p>Se trata de una iniciativa de la\nAsociaci\u00f3n de Chocolateros del Estado de Oaxaca, que busca compartir su amor\npor Oaxaca a trav\u00e9s de una taza de chocolate caliente que no solamente\nreconforte al esp\u00edritu, sino que permita unir corazones para vivir en un lugar\nmejor.<\/p>\n\n\n\n<p>\u201cEl objetivo de promover el consumo y\nproducci\u00f3n local del chocolate, as\u00ed como la comercializaci\u00f3n a beneficio de los\npeque\u00f1os productores en la entidad\u201d, explicaron en conferencia de prensa,\nrealizada hace unos d\u00edas en la capital del estado.<\/p>\n\n\n\n<p>Detallaron que en esta ocasi\u00f3n y como lo han hecho en los dos a\u00f1os anteriores, independientemente de la degustaci\u00f3n de chocolate, contaran con un programa cultural que inicia este jueves en punto de las cinco de la tarde con la tradicional calenda oaxaque\u00f1a la cual saldr\u00e1 de Santo Domingo hacia el Centro Cultural \u201cSan Pablo\u201d, sede del evento.<\/p>\n\n\n\n<figure class=\"wp-block-image\"><img decoding=\"async\" width=\"1024\" height=\"682\" src=\"http:\/\/www.zonaroja.com.mx\/wp-content\/uploads\/2019\/12\/Posada-cacao-2-1024x682.jpg\" alt=\"\" class=\"wp-image-6795\" srcset=\"https:\/\/zonaroja.com.mx\/wp-content\/uploads\/2019\/12\/Posada-cacao-2-1024x682.jpg 1024w, https:\/\/zonaroja.com.mx\/wp-content\/uploads\/2019\/12\/Posada-cacao-2-300x200.jpg 300w, https:\/\/zonaroja.com.mx\/wp-content\/uploads\/2019\/12\/Posada-cacao-2-768x512.jpg 768w, https:\/\/zonaroja.com.mx\/wp-content\/uploads\/2019\/12\/Posada-cacao-2-1170x780.jpg 1170w, https:\/\/zonaroja.com.mx\/wp-content\/uploads\/2019\/12\/Posada-cacao-2-585x390.jpg 585w, https:\/\/zonaroja.com.mx\/wp-content\/uploads\/2019\/12\/Posada-cacao-2-263x175.jpg 263w, https:\/\/zonaroja.com.mx\/wp-content\/uploads\/2019\/12\/Posada-cacao-2.jpg 1280w\" sizes=\"(max-width: 1024px) 100vw, 1024px\" \/><\/figure>\n\n\n\n<p>Posteriormente se dar\u00e1 paso a la\ndegustaci\u00f3n para la cual este a\u00f1o han pedido las y los participantes llevar su\ntaza consigo a fin de evitar generar residuos en perjuicio del medio ambiente\ncon el uso de utensilios desechables.<\/p>\n\n\n\n<p>Mientras que el viernes 20 de diciembre,\nlas actividades comienzan en punto de las 11:00 horas con un panel y\nconversatorio con personas productoras de cacao en Oaxaca; seguido de una\nmuestra y platica sobre la elaboraci\u00f3n de jarros de barro de Santa Mar\u00eda\nAtzompa, donde tradicional se sirve el chocolate de agua y leche.<\/p>\n\n\n\n<p>Por la tarde de este mismo d\u00eda, a\npartir de las 16:00 horas la m\u00fasica se har\u00e1 presente con el Recital de\nVillancicos por la Escuela de M\u00fasica Capriccio, seguida de las presentaciones\nde la Marimba del Estado de Oaxaca y la Marimba Orquesta \u201cLuna del Valle\u201d.<\/p>\n\n\n\n<p>Algunas de las chocolater\u00edas que\nparticiparan en esta ocasi\u00f3n son: Coraz\u00f3n de Cacao, Oaxacanita chocolate,\nXhuladii chocolates, Chocolate de la Villa Real, Oaxacacao, Chocolate Conchita,\nChocolate La Soledad, Chocolate Mayordomo, Chocolate Zandunga, Sabrosolate,\nMacuixoca, Coraz\u00f3n P\u00farpura y Bebo Cacao.<\/p>\n","protected":false},"excerpt":{"rendered":"<p>Evlin Arag\u00f3n\/Zona Roja. Fotos: Cortes\u00eda FAHO Oaxaca de Ju\u00e1rez, Oax., 19 de diciembre de 2019.-&hellip;<\/p>\n","protected":false},"author":2,"featured_media":6796,"comment_status":"closed","ping_status":"open","sticky":false,"template":"","format":"standard","meta":{"_lmt_disableupdate":"","_lmt_disable":"","_jetpack_memberships_contains_paid_content":false,"footnotes":""},"categories":[109,46],"tags":[],"class_list":["post-6794","post","type-post","status-publish","format-standard","has-post-thumbnail","hentry","category-minuto-a-minuto","category-zona-blanca"],"jetpack_featured_media_url":"https:\/\/zonaroja.com.mx\/wp-content\/uploads\/2019\/12\/Posada-cacao-1.jpg","jetpack_sharing_enabled":true,"_links":{"self":[{"href":"https:\/\/zonaroja.com.mx\/index.php?rest_route=\/wp\/v2\/posts\/6794","targetHints":{"allow":["GET"]}}],"collection":[{"href":"https:\/\/zonaroja.com.mx\/index.php?rest_route=\/wp\/v2\/posts"}],"about":[{"href":"https:\/\/zonaroja.com.mx\/index.php?rest_route=\/wp\/v2\/types\/post"}],"author":[{"embeddable":true,"href":"https:\/\/zonaroja.com.mx\/index.php?rest_route=\/wp\/v2\/users\/2"}],"replies":[{"embeddable":true,"href":"https:\/\/zonaroja.com.mx\/index.php?rest_route=%2Fwp%2Fv2%2Fcomments&post=6794"}],"version-history":[{"count":1,"href":"https:\/\/zonaroja.com.mx\/index.php?rest_route=\/wp\/v2\/posts\/6794\/revisions"}],"predecessor-version":[{"id":6797,"href":"https:\/\/zonaroja.com.mx\/index.php?rest_route=\/wp\/v2\/posts\/6794\/revisions\/6797"}],"wp:featuredmedia":[{"embeddable":true,"href":"https:\/\/zonaroja.com.mx\/index.php?rest_route=\/wp\/v2\/media\/6796"}],"wp:attachment":[{"href":"https:\/\/zonaroja.com.mx\/index.php?rest_route=%2Fwp%2Fv2%2Fmedia&parent=6794"}],"wp:term":[{"taxonomy":"category","embeddable":true,"href":"https:\/\/zonaroja.com.mx\/index.php?rest_route=%2Fwp%2Fv2%2Fcategories&post=6794"},{"taxonomy":"post_tag","embeddable":true,"href":"https:\/\/zonaroja.com.mx\/index.php?rest_route=%2Fwp%2Fv2%2Ftags&post=6794"}],"curies":[{"name":"wp","href":"https:\/\/api.w.org\/{rel}","templated":true}]}}