{"id":67941,"date":"2024-05-03T08:22:18","date_gmt":"2024-05-03T14:22:18","guid":{"rendered":"https:\/\/zonaroja.com.mx\/?p=67941"},"modified":"2024-05-03T20:30:15","modified_gmt":"2024-05-04T02:30:15","slug":"comunidad-universitaria-y-colonos-reiteran-respaldo-a-martinez-neri","status":"publish","type":"post","link":"https:\/\/zonaroja.com.mx\/?p=67941","title":{"rendered":"Comunidad universitaria y trabajadores de gobierno reiteran respaldo a Mart\u00ednez Neri"},"content":{"rendered":"\n<p>Redacci\u00f3n\/Zona Roja.<\/p>\n\n\n\n<p>Oaxaca de Ju\u00e1rez, Oaxaca, a 3 de mayo de 2024.- \u201cVamos a ganar la pr\u00f3xima elecci\u00f3n del 2 de junio acompa\u00f1ados de la mano de todas y todos ustedes\u201d, enfatiz\u00f3 el candidato de Morena a la Presidencia Municipal de Oaxaca de Ju\u00e1rez, Francisco Mart\u00ednez Neri, al encabezar una reuni\u00f3n con integrantes de Nueva Conciencia Sindical, corriente pol\u00edtica del Sindicato de Trabajadores de los Poderes del Estado e Instituciones Descentralizadas de Car\u00e1cter Estatal de Oaxaca (STPEIDCEO).\u00a0<\/p>\n\n\n\n<p>Junto a su planilla y el coordinador General de Campa\u00f1a, Amador Jara Cruz, Mart\u00ednez Neri invit\u00f3 a la base trabajadora a sumarse a la continuidad para concretar los proyectos de naci\u00f3n y de esa manera, consolidar la transformaci\u00f3n de la ciudad de Oaxaca.&nbsp;<\/p>\n\n\n\n<p>\u201cSi nosotros estamos participando en esta continuidad es porque tenemos vocaci\u00f3n de servicio y lo digo sin ambages; es un imperativo de car\u00e1cter moral el dar esa continuidad, y no es porque otra persona lo pueda o no hacer, sino porque tenemos la experiencia suficiente para llevarla a cabo\u201d, enfatiz\u00f3 el candidato por Morena.<\/p>\n\n\n\n<p>Recalc\u00f3 que el proyecto de continuidad que representa se acompa\u00f1a de vocaci\u00f3n de servicio hacia el pueblo de Oaxaca, a trav\u00e9s de la implementaci\u00f3n de acciones y proyectos que impulsa la Cuarta Transformaci\u00f3n.&nbsp;<\/p>\n\n\n\n<p>\u201cVayamos todos juntos por esas victorias que son del pueblo, de la gente y de nadie m\u00e1s; vayamos por la construcci\u00f3n de un nuevo pa\u00eds, vamos hasta la victoria siempre \u00a1qu\u00e9 viva Morena!\u201d, recalc\u00f3 Mart\u00ednez Neri.&nbsp;<\/p>\n\n\n\n<p>Por \u00faltimo, hizo un llamado a votar por la pr\u00f3xima presidenta de M\u00e9xico, Claudia Sheinbaum Pardo, as\u00ed como por las y los candidatos a Diputados Locales, Diputados Federales y Senadores.&nbsp;<\/p>\n\n\n\n<p>Por otro lado, el coordinador General de Campa\u00f1a, Amador Jara Cruz hizo hincapi\u00e9 en apoyar un proyecto municipal a largo plazo en Oaxaca de Ju\u00e1rez que permita seguir con el trabajo colaborativo y genere el bienestar que inici\u00f3 desde hace m\u00e1s de dos a\u00f1os.&nbsp;<\/p>\n\n\n\n<p>\u201cQueremos que el Sindicato de Bur\u00f3cratas sea un sindicato democr\u00e1tico y que camine de la mano de Morena y que constantemente tengamos esta unidad para apoyar los proyectos mutuos en todo el quehacer pol\u00edtico y social que se da a diario\u201d, comparti\u00f3.&nbsp;<\/p>\n\n\n\n<p>En tanto, la representante de Nueva Conciencia Social (proyecto morado), Janet Virania Luis Santos, mostr\u00f3 su agradecimiento por la apertura del candidato de Morena, Francisco Mart\u00ednez Neri, al establecer un di\u00e1logo directo con la base trabajadora e impulsar acciones que beneficien las condiciones de desarrollo de las y los capitalinos.\u00a0<\/p>\n\n\n\n<figure class=\"wp-block-image size-full\"><img decoding=\"async\" width=\"800\" height=\"534\" src=\"https:\/\/zonaroja.com.mx\/wp-content\/uploads\/2024\/05\/Francisco-Martinez-Neri-y-universitarios.jpg\" alt=\"\" class=\"wp-image-67944\" srcset=\"https:\/\/zonaroja.com.mx\/wp-content\/uploads\/2024\/05\/Francisco-Martinez-Neri-y-universitarios.jpg 800w, https:\/\/zonaroja.com.mx\/wp-content\/uploads\/2024\/05\/Francisco-Martinez-Neri-y-universitarios-300x200.jpg 300w, https:\/\/zonaroja.com.mx\/wp-content\/uploads\/2024\/05\/Francisco-Martinez-Neri-y-universitarios-768x513.jpg 768w, https:\/\/zonaroja.com.mx\/wp-content\/uploads\/2024\/05\/Francisco-Martinez-Neri-y-universitarios-585x390.jpg 585w, https:\/\/zonaroja.com.mx\/wp-content\/uploads\/2024\/05\/Francisco-Martinez-Neri-y-universitarios-263x175.jpg 263w\" sizes=\"(max-width: 800px) 100vw, 800px\" \/><\/figure>\n\n\n\n<p>CON UNIVERSITARIOS<\/p>\n\n\n\n<p>El candidato de Morena a la presidencia municipal de Oaxaca de Ju\u00e1rez, Francisco Mart\u00ednez Neri, sostuvo una reuni\u00f3n con representantes de sindicatos universitarios pertenecientes a la Universidad Aut\u00f3noma \u201cBenito Ju\u00e1rez\u201d de Oaxaca (UABJO), a fin de escuchar planteamientos que se concreten en oportunidades para la comunidad universitaria de acuerdo a los niveles de participaci\u00f3n de cada instancia.\u00a0<\/p>\n\n\n\n<p>Los objetivos del encuentro se basaron en recabar propuestas de car\u00e1cter colaborativo, con el prop\u00f3sito de establecer la viabilidad de su aplicaci\u00f3n, conservar la relaci\u00f3n con las administraciones en el sentido de apoyar las actividades que se emprenden, y el establecer el compromiso de fortalecer el convenio de colaboraci\u00f3n interinstitucional.&nbsp;<\/p>\n\n\n\n<p>En ese contexto, Mart\u00ednez Neri destac\u00f3 la importancia de contar con el apoyo de la comunidad universitaria, especialmente con la base trabajadora, para concretar los proyectos de naci\u00f3n que en su momento fueron emprendidos por Andr\u00e9s Manuel L\u00f3pez Obrador.&nbsp;<\/p>\n\n\n\n<p>\u201cNecesito del apoyo de mis compa\u00f1eros y compa\u00f1eras universitarios para concretar actividades y dejar un legado en la ciudad y desde luego, fortalecer estas relaciones con la universidad y con sus integrantes, como lo son trabajadores, estudiantes y directivos\u201d, subray\u00f3 el candidato de Morena.&nbsp;<\/p>\n\n\n\n<p>Hizo un llamado a adquirir un compromiso m\u00e1s fuerte entre el Gobierno Municipal de la capital y la instituci\u00f3n educativa, en el sentido dijo, que la UABJO se introduzca al pueblo, \u201ccuando la universidad est\u00e1 en el coraz\u00f3n del pueblo, el pueblo la defiende\u201d, acot\u00f3 Francisco Mart\u00ednez Neri acompa\u00f1ado de integrantes de su planilla.&nbsp;<\/p>\n\n\n\n<p>Asimismo, plante\u00f3 la propuesta de generar una gran reuni\u00f3n que congregue a la mayor parte de personas que conforman el Universidad, pero evitando que se realice al interior de la M\u00e1xima Casa de Estudios para garantizar el respeto a la autonom\u00eda universitaria.&nbsp;<\/p>\n\n\n\n<p>Por su parte, el Coordinador General de Campa\u00f1a, Amador Jara Cruz, comparti\u00f3 su agradecimiento por la oportunidad de compartir ideas y estrechar lazos de colaboraci\u00f3n con la base laboral de las instituciones educativas, especialmente de la m\u00e1xima casa de estudios.&nbsp;<\/p>\n\n\n\n<p>\u201cEs fundamental que ustedes tengan una participaci\u00f3n en este sentido, que no solamente escuchen, sino que tambi\u00e9n participen en el proyecto que encabeza el maestro Neri; para el pa\u00eds es fundamental este proceso democr\u00e1tico y que tiene que ver con el entorno pol\u00edtico\u201d, enfatiz\u00f3 Amador Jara.&nbsp;<\/p>\n\n\n\n<p>Al intercambio de ideas asisti\u00f3 Gustavo Avenda\u00f1o, representante de la corriente azul del Sindicato de Trabajadores y empleados de la UABJO; Manuel Jim\u00e9nez Arango, secretario de Trabajo y Conflictos del sindicato de Trabajadores acad\u00e9micos de la UABJO;&nbsp;<\/p>\n\n\n\n<p>Tambi\u00e9n estuvieron presentes, Ignacio Dom\u00ednguez Sosa, en representaci\u00f3n de Jes\u00fas Molina, secretario General del Sindicato Universitario de Acad\u00e9micos; Florencio Garc\u00eda Estrada, Secretario General del Sindicato Universitario de Maestros, entre otros representantes universitarios.<\/p>\n","protected":false},"excerpt":{"rendered":"<p>Redacci\u00f3n\/Zona Roja. Oaxaca de Ju\u00e1rez, Oaxaca, a 3 de mayo de 2024.- \u201cVamos a ganar&hellip;<\/p>\n","protected":false},"author":2,"featured_media":67963,"comment_status":"closed","ping_status":"open","sticky":false,"template":"","format":"standard","meta":{"_lmt_disableupdate":"","_lmt_disable":"","_jetpack_memberships_contains_paid_content":false,"footnotes":""},"categories":[109,46],"tags":[2418],"class_list":["post-67941","post","type-post","status-publish","format-standard","has-post-thumbnail","hentry","category-minuto-a-minuto","category-zona-blanca","tag-francisco-martinez-neri"],"jetpack_featured_media_url":"https:\/\/zonaroja.com.mx\/wp-content\/uploads\/2024\/05\/Francisco-Martinez-Neri-con-sindicalizados.jpg","jetpack_sharing_enabled":true,"_links":{"self":[{"href":"https:\/\/zonaroja.com.mx\/index.php?rest_route=\/wp\/v2\/posts\/67941","targetHints":{"allow":["GET"]}}],"collection":[{"href":"https:\/\/zonaroja.com.mx\/index.php?rest_route=\/wp\/v2\/posts"}],"about":[{"href":"https:\/\/zonaroja.com.mx\/index.php?rest_route=\/wp\/v2\/types\/post"}],"author":[{"embeddable":true,"href":"https:\/\/zonaroja.com.mx\/index.php?rest_route=\/wp\/v2\/users\/2"}],"replies":[{"embeddable":true,"href":"https:\/\/zonaroja.com.mx\/index.php?rest_route=%2Fwp%2Fv2%2Fcomments&post=67941"}],"version-history":[{"count":2,"href":"https:\/\/zonaroja.com.mx\/index.php?rest_route=\/wp\/v2\/posts\/67941\/revisions"}],"predecessor-version":[{"id":67964,"href":"https:\/\/zonaroja.com.mx\/index.php?rest_route=\/wp\/v2\/posts\/67941\/revisions\/67964"}],"wp:featuredmedia":[{"embeddable":true,"href":"https:\/\/zonaroja.com.mx\/index.php?rest_route=\/wp\/v2\/media\/67963"}],"wp:attachment":[{"href":"https:\/\/zonaroja.com.mx\/index.php?rest_route=%2Fwp%2Fv2%2Fmedia&parent=67941"}],"wp:term":[{"taxonomy":"category","embeddable":true,"href":"https:\/\/zonaroja.com.mx\/index.php?rest_route=%2Fwp%2Fv2%2Fcategories&post=67941"},{"taxonomy":"post_tag","embeddable":true,"href":"https:\/\/zonaroja.com.mx\/index.php?rest_route=%2Fwp%2Fv2%2Ftags&post=67941"}],"curies":[{"name":"wp","href":"https:\/\/api.w.org\/{rel}","templated":true}]}}