{"id":67951,"date":"2024-05-03T11:28:00","date_gmt":"2024-05-03T17:28:00","guid":{"rendered":"https:\/\/zonaroja.com.mx\/?p=67951"},"modified":"2024-05-03T08:30:28","modified_gmt":"2024-05-03T14:30:28","slug":"dia-mundial-de-la-libertad-de-prensa-entre-violencia-y-asesinatos","status":"publish","type":"post","link":"https:\/\/zonaroja.com.mx\/?p=67951","title":{"rendered":"D\u00eda Mundial de la Libertad de Prensa: entre violencia y asesinatos"},"content":{"rendered":"\n<p>Redacci\u00f3n\/Zona Roja Cdmx.<\/p>\n\n\n\n<p>Ciudad de M\u00e9xico, a 3 de mayo de 2023.- Al menos cinco periodistas asesinados en M\u00e9xico en 2023, decenas de arrestados arbitrariamente en Cuba y Venezuela, profesionales exiliados de Nicaragua por hostigamiento y una peligrosa costumbre de los presidentes de atacar agresivamente a la prensa. Esto es apenas la punta del iceberg de los desaf\u00edos que viven muchos comunicadores en Am\u00e9rica Latina. El panorama de la situaci\u00f3n en los pa\u00edses de la regi\u00f3n es cada vez m\u00e1s preocupante.<\/p>\n\n\n\n<p>En un reporte publicado en marzo de este a\u00f1o, Amnist\u00eda Internacional y el Comit\u00e9 para la Protecci\u00f3n de los Periodistas (CPJ, por sus siglas en ingl\u00e9s) definieron a M\u00e9xico como \u201cel pa\u00eds m\u00e1s peligroso para la prensa en el hemisferio occidental\u201d.<\/p>\n\n\n\n<p>En entrevista con CNN en Espa\u00f1ol, Francisco Cobos, periodista mexicano-estadounidense de Univisi\u00f3n, relat\u00f3 el dif\u00edcil momento que vivi\u00f3 el 26 de abril, cuando un grupo de hombres armados le rob\u00f3 su documentaci\u00f3n e intent\u00f3 secuestrarlo mientras trabajaba en Tamaulipas. Lo forzaron a detener su auto, le apuntaron con una ametralladora y quisieron obligarlo a meterse en un callej\u00f3n. Milagrosamente consigui\u00f3 huir. \u201cYa no hay un lugar en el que est\u00e9s a salvo\u201d, asegura Cobos.<\/p>\n\n\n\n<p>Como reside en la ciudad estadounidense de McAllen, Cobos opt\u00f3 por realizar la denuncia all\u00ed y no en M\u00e9xico. Al enterarse del hecho, el presidente de M\u00e9xico, Andr\u00e9s Manuel L\u00f3pez Obrador, se comprometi\u00f3 a ofrecerle protecci\u00f3n.<\/p>\n\n\n\n<p>El informe del CPJ detalla que ese pa\u00eds tiene \u201cel n\u00famero m\u00e1s alto de periodistas desaparecidos en el mundo\u201d con al menos 15 profesionales en 2023. Ninguna de esas desapariciones fue esclarecida por la Justicia.<\/p>\n\n\n\n<p>\u201c[M\u00e9xico] Es un pa\u00eds muy peligroso. Tantos compa\u00f1eros que han muerto o que han sido privados de su libertad y golpeados o torturados\u201d, lamenta Cobos.<\/p>\n\n\n\n<p>Seg\u00fan la ONG Art\u00edculo 19, en 2023 se registraron unas 561 agresiones contra la prensa, incluida la desaparici\u00f3n de Juan Carlos Hinojosa Viveros, colaborador del \u00e1rea de Comunicaci\u00f3n Social del Ayuntamiento de Nanchital, en Veracruz,y los asesinatos de cinco periodistas.<\/p>\n\n\n\n<p>De acuerdo con la misma organizaci\u00f3n, al menos 43 periodistas han muerto durante la gesti\u00f3n de L\u00f3pez Obrador, 47 durante el Gobierno de Enrique Pe\u00f1a Nieto y 48 en el sexenio de Felipe Calder\u00f3n.<\/p>\n\n\n\n<p>Aqu\u00ed m\u00e1s detalles de la informaci\u00f3n de CNN En Espa\u00f1ol:<\/p>\n\n\n\n<figure class=\"wp-block-embed\"><div class=\"wp-block-embed__wrapper\">\nhttps:\/\/cnnespanol.cnn.com\/2024\/05\/03\/libertad-de-expresion-periodistas-ataques-violencia-orix\n<\/div><\/figure>\n","protected":false},"excerpt":{"rendered":"<p>Redacci\u00f3n\/Zona Roja Cdmx. Ciudad de M\u00e9xico, a 3 de mayo de 2023.- Al menos cinco&hellip;<\/p>\n","protected":false},"author":2,"featured_media":67952,"comment_status":"closed","ping_status":"open","sticky":false,"template":"","format":"standard","meta":{"_lmt_disableupdate":"","_lmt_disable":"","_jetpack_memberships_contains_paid_content":false,"footnotes":""},"categories":[109,47],"tags":[3531],"class_list":["post-67951","post","type-post","status-publish","format-standard","has-post-thumbnail","hentry","category-minuto-a-minuto","category-zona-gris","tag-dia-mundial-de-la-liberrtad-de-prensa"],"jetpack_featured_media_url":"https:\/\/zonaroja.com.mx\/wp-content\/uploads\/2024\/05\/Dia-Mundial-de-la-Libertad-de-Prensa.webp","jetpack_sharing_enabled":true,"_links":{"self":[{"href":"https:\/\/zonaroja.com.mx\/index.php?rest_route=\/wp\/v2\/posts\/67951","targetHints":{"allow":["GET"]}}],"collection":[{"href":"https:\/\/zonaroja.com.mx\/index.php?rest_route=\/wp\/v2\/posts"}],"about":[{"href":"https:\/\/zonaroja.com.mx\/index.php?rest_route=\/wp\/v2\/types\/post"}],"author":[{"embeddable":true,"href":"https:\/\/zonaroja.com.mx\/index.php?rest_route=\/wp\/v2\/users\/2"}],"replies":[{"embeddable":true,"href":"https:\/\/zonaroja.com.mx\/index.php?rest_route=%2Fwp%2Fv2%2Fcomments&post=67951"}],"version-history":[{"count":1,"href":"https:\/\/zonaroja.com.mx\/index.php?rest_route=\/wp\/v2\/posts\/67951\/revisions"}],"predecessor-version":[{"id":67953,"href":"https:\/\/zonaroja.com.mx\/index.php?rest_route=\/wp\/v2\/posts\/67951\/revisions\/67953"}],"wp:featuredmedia":[{"embeddable":true,"href":"https:\/\/zonaroja.com.mx\/index.php?rest_route=\/wp\/v2\/media\/67952"}],"wp:attachment":[{"href":"https:\/\/zonaroja.com.mx\/index.php?rest_route=%2Fwp%2Fv2%2Fmedia&parent=67951"}],"wp:term":[{"taxonomy":"category","embeddable":true,"href":"https:\/\/zonaroja.com.mx\/index.php?rest_route=%2Fwp%2Fv2%2Fcategories&post=67951"},{"taxonomy":"post_tag","embeddable":true,"href":"https:\/\/zonaroja.com.mx\/index.php?rest_route=%2Fwp%2Fv2%2Ftags&post=67951"}],"curies":[{"name":"wp","href":"https:\/\/api.w.org\/{rel}","templated":true}]}}