{"id":67954,"date":"2024-05-03T17:31:35","date_gmt":"2024-05-03T23:31:35","guid":{"rendered":"https:\/\/zonaroja.com.mx\/?p=67954"},"modified":"2024-05-03T17:31:35","modified_gmt":"2024-05-03T23:31:35","slug":"chente-presidente-chente-presidente-chente-presidente","status":"publish","type":"post","link":"https:\/\/zonaroja.com.mx\/?p=67954","title":{"rendered":"\u00a1Chente Presidente! \u00a1Chente Presidente! \u00a1Chente Presidente!"},"content":{"rendered":"\n<p>Raymundo Morales\/Zona Roja.<\/p>\n\n\n\n<p>Santa Cruz Xoxocotl\u00e1n, Oax., a 3 de mayo de 2024.- Como la primera vez que fue candidato, miles se volcaron a favor de Inocente Castellanos:<\/p>\n\n\n\n<p>\u00a1Chente Presidente! \u00a1Chente Presidente! \u00a1Chente Presidente!, el grito que corearon miles ayer por la tarde a lo largo de la avenida Guadalupe Hinojosa, hasta llegar al campo deportivo de la cabecera municipal.<\/p>\n\n\n\n<p>Y es que con trabajo y obras, el edil Inocente Castellanos ha logrado ganarse un mayor cari\u00f1o de la gente de Xoxocotl\u00e1n, que ahora pide que siga en la presidencia municipal por otros tres a\u00f1os.<\/p>\n\n\n\n<p>Ciudadanos sin partido en su mayor\u00eda, hombres y mujeres, adultos y j\u00f3venes, corearon las consignas a favor de quien es m\u00e1s conocido como Chente Castellanos.<\/p>\n\n\n\n<p>\u201cLa verdad s\u00ed vale la pena apoyarlos; ac\u00e1 todo mundo dice que quiere a Xoxo pero no hace nada. Hasta un se\u00f1or que dice que es diputado y que es de Nopala y que dice que vive aqu\u00ed, quiere ser presidente, pero no lo queremos\u201d, agrega la gente.<\/p>\n\n\n\n<p>Acompa\u00f1ado de amigos y familiares, el doctor Inocente Castellanos recorri\u00f3 cientos y cientos de metros para encabezar la tarde-noche de ayer un magno mitin, en que le refrendaron el apoyo para que siga en la presidencia municipal.<\/p>\n\n\n\n<p>\u201c!Chente se queda, Chente no se va!, \u00a1Chente presidente le duela a quien le duela!\u201d, coreaban las miles de gargantas, pese a la lluvia.<\/p>\n\n\n\n<p>Durante el acto, fue acompa\u00f1ado por el dirigente del Partido Nueva Alianza, Bersah\u00edn L\u00f3pez, quien le ofreci\u00f3 el respaldo institucional.<\/p>\n\n\n\n<p>\u201cSoy de Xoxo conozco las necesidades de mi gente y he caminado en todo momento con los principios de nuestro presidente Andr\u00e9s Manuel L\u00f3pez Obrador: no mentir, no robar y no traicionar. Hoy tenemos la oportunidad de mantenernos en el camino de la justicia hist\u00f3rica para todas las familias, pido su voto porque nosotros entendemos que la verdadera transformaci\u00f3n comienza con cada una de nuestras acciones\u201d, afirm\u00f3 el candidato a edil.<\/p>\n\n\n\n<p>En el acto, estuvieron presentes Margarita Garc\u00eda Garc\u00eda, candidata del Partido del Trabajo a la diputaci\u00f3n federal; Pepe Urbieta, candidato a la presidencia municipal de Oaxaca de Ju\u00e1rez, Ana Lilia Rosado, candidata a la diputaci\u00f3n local por el Distrito XV e integrantes de la planilla turquesa en Xoxo.<\/p>\n\n\n\n<figure class=\"wp-block-embed is-type-rich is-provider-twitter wp-block-embed-twitter\"><div class=\"wp-block-embed__wrapper\">\n<div class=\"twitter-tweet\"><blockquote class=\"twitter-tweet\" data-lang=\"es\"><p lang=\"es\" dir=\"ltr\">\u00a1Quieren a <a href=\"https:\/\/twitter.com\/DrChenteC?ref_src=twsrc%5Etfw\">@DrChenteC<\/a> de nuevo como presidente municipal de Xoxocotl\u00e1n!<br>Esta tarde y cobijado por el Partido Nueva Alianza, Inocente Castellanos inici\u00f3 su campa\u00f1a en busca de la reelecci\u00f3n. <br>Miles de personas lo acompa\u00f1aron en una marcha del bulevar Guadalupe Hinojosa hacia el\u2026 <a href=\"https:\/\/t.co\/V1WJTqXXY8\">pic.twitter.com\/V1WJTqXXY8<\/a><\/p>&mdash; Zona Roja Oaxaca (@ZonaRoja_Oaxaca) <a href=\"https:\/\/twitter.com\/ZonaRoja_Oaxaca\/status\/1786250989516865598?ref_src=twsrc%5Etfw\">3 de mayo de 2024<\/a><\/blockquote><\/div>\n<\/div><\/figure>\n","protected":false},"excerpt":{"rendered":"<p>Raymundo Morales\/Zona Roja. Santa Cruz Xoxocotl\u00e1n, Oax., a 3 de mayo de 2024.- Como la&hellip;<\/p>\n","protected":false},"author":2,"featured_media":67955,"comment_status":"closed","ping_status":"open","sticky":false,"template":"","format":"standard","meta":{"_lmt_disableupdate":"","_lmt_disable":"","_jetpack_memberships_contains_paid_content":false,"footnotes":""},"categories":[109,46],"tags":[2734,133],"class_list":["post-67954","post","type-post","status-publish","format-standard","has-post-thumbnail","hentry","category-minuto-a-minuto","category-zona-blanca","tag-inocente-castellanos","tag-santa-cruz-xoxocotlan"],"jetpack_featured_media_url":"https:\/\/zonaroja.com.mx\/wp-content\/uploads\/2024\/05\/Inocente-Castellanos-inicio-mitin-edil.jpg","jetpack_sharing_enabled":true,"_links":{"self":[{"href":"https:\/\/zonaroja.com.mx\/index.php?rest_route=\/wp\/v2\/posts\/67954","targetHints":{"allow":["GET"]}}],"collection":[{"href":"https:\/\/zonaroja.com.mx\/index.php?rest_route=\/wp\/v2\/posts"}],"about":[{"href":"https:\/\/zonaroja.com.mx\/index.php?rest_route=\/wp\/v2\/types\/post"}],"author":[{"embeddable":true,"href":"https:\/\/zonaroja.com.mx\/index.php?rest_route=\/wp\/v2\/users\/2"}],"replies":[{"embeddable":true,"href":"https:\/\/zonaroja.com.mx\/index.php?rest_route=%2Fwp%2Fv2%2Fcomments&post=67954"}],"version-history":[{"count":1,"href":"https:\/\/zonaroja.com.mx\/index.php?rest_route=\/wp\/v2\/posts\/67954\/revisions"}],"predecessor-version":[{"id":67956,"href":"https:\/\/zonaroja.com.mx\/index.php?rest_route=\/wp\/v2\/posts\/67954\/revisions\/67956"}],"wp:featuredmedia":[{"embeddable":true,"href":"https:\/\/zonaroja.com.mx\/index.php?rest_route=\/wp\/v2\/media\/67955"}],"wp:attachment":[{"href":"https:\/\/zonaroja.com.mx\/index.php?rest_route=%2Fwp%2Fv2%2Fmedia&parent=67954"}],"wp:term":[{"taxonomy":"category","embeddable":true,"href":"https:\/\/zonaroja.com.mx\/index.php?rest_route=%2Fwp%2Fv2%2Fcategories&post=67954"},{"taxonomy":"post_tag","embeddable":true,"href":"https:\/\/zonaroja.com.mx\/index.php?rest_route=%2Fwp%2Fv2%2Ftags&post=67954"}],"curies":[{"name":"wp","href":"https:\/\/api.w.org\/{rel}","templated":true}]}}