{"id":67957,"date":"2024-05-03T18:02:27","date_gmt":"2024-05-04T00:02:27","guid":{"rendered":"https:\/\/zonaroja.com.mx\/?p=67957"},"modified":"2024-05-03T18:02:30","modified_gmt":"2024-05-04T00:02:30","slug":"intensifican-busqueda-de-al-menos-7-desaparecidos-en-la-costa","status":"publish","type":"post","link":"https:\/\/zonaroja.com.mx\/?p=67957","title":{"rendered":"Intensifican b\u00fasqueda de al menos 7 desaparecidos en la Costa"},"content":{"rendered":"\n<p>Raymundo Morales\/Zona Roja.<\/p>\n\n\n\n<p>Oaxaca de Ju\u00e1rez, Oax. 3 de mayo de 2024.- En coordinaci\u00f3n con corporaciones federales y pobladores, la Fiscal\u00eda General del Estado de Oaxaca intensific\u00f3 la b\u00fasqueda de al menos siete personas desaparecidas en la regi\u00f3n de la Costa.<\/p>\n\n\n\n<p>En un comunicado, la instituci\u00f3n inform\u00f3 que despleg\u00f3 un equipo multidisciplinario y especializado que, junto a diferentes instituciones, entre las que participa la Comisi\u00f3n Estatal de B\u00fasqueda de Personas Desaparecidas para el Estado de Oaxaca, realizan recorridos de b\u00fasqueda en comunidades de la regi\u00f3n de la Costa para colaborar en el operativo de b\u00fasqueda de las v\u00edctimas.<\/p>\n\n\n\n<p>A\u00f1adi\u00f3 que en d\u00edas recientes y derivado de diversas denuncias por casos de personas No Localizadas y Desaparecidas en la Costa, la Fiscal\u00eda dise\u00f1\u00f3 una estrategia de b\u00fasqueda focalizada en diferentes partes del municipio de Santa Mar\u00eda Colotepec y los alrededores, para dar con el paradero de las v\u00edctimas.<\/p>\n\n\n\n<p>En este despliegue, participan elementos de la Agencia Estatal de Investigaciones (AEI), as\u00ed como de la Vicefiscal\u00eda Regional de la Costa, Secretar\u00eda de la Defensa Nacional (Sedena), Guardia Nacional (GN) y personal de la Polic\u00eda Estatal.<\/p>\n\n\n\n<p>Adem\u00e1s de autoridades municipales y sociedad civil, junto con diferentes \u00e1reas de la Fiscal\u00eda, como la Unidad Especializada en Combate al Secuestro (UECS) y de la Unidad de B\u00fasqueda de Personas No Localizadas (DNOL) que realizan recorridos a pie a trav\u00e9s de diversas colonias, brechas y campo para dar con el paradero de las v\u00edctimas, adem\u00e1s de fortalecer las investigaciones del caso.<\/p>\n\n\n\n<p>De acuerdo con las denuncias, las v\u00edctimas fueron vistas por \u00faltima vez en los \u00faltimos d\u00edas del mes de abril de 2024, por lo que la Fiscal\u00eda instruy\u00f3 intensificar la b\u00fasqueda, agotando todos los recursos en materia de procuraci\u00f3n de justicia, destac\u00f3 en su comunicado.<\/p>\n\n\n\n<p>Seg\u00fan los familiares, entre los desaparecidos se encuentran Marcelino Canseco D\u00edaz, de 48 a\u00f1os de edad; Eliodoro Olivera D\u00edaz, de 46; Gadier Isa\u00ed Canseco, de 22 a\u00f1os; Felipe de Jes\u00fas Flores Hern\u00e1ndez, de 28 a\u00f1os.<\/p>\n\n\n\n<p>Irvin Abdiel Ram\u00edrez Mart\u00ednez, de 23 a\u00f1os; Japhet Santiago Ojeda, de 29 a\u00f1os; Francisco Mijangos Ruiz, de 29 a\u00f1os, estos \u00faltimos desaparecidos de Puerto Escondido.<\/p>\n\n\n\n<figure class=\"wp-block-image size-full\"><img decoding=\"async\" width=\"800\" height=\"600\" src=\"https:\/\/zonaroja.com.mx\/wp-content\/uploads\/2024\/05\/Busqueda-de-personas-Fiscalia-Costa-Oaxaca.jpeg\" alt=\"\" class=\"wp-image-67959\" srcset=\"https:\/\/zonaroja.com.mx\/wp-content\/uploads\/2024\/05\/Busqueda-de-personas-Fiscalia-Costa-Oaxaca.jpeg 800w, https:\/\/zonaroja.com.mx\/wp-content\/uploads\/2024\/05\/Busqueda-de-personas-Fiscalia-Costa-Oaxaca-300x225.jpeg 300w, https:\/\/zonaroja.com.mx\/wp-content\/uploads\/2024\/05\/Busqueda-de-personas-Fiscalia-Costa-Oaxaca-768x576.jpeg 768w, https:\/\/zonaroja.com.mx\/wp-content\/uploads\/2024\/05\/Busqueda-de-personas-Fiscalia-Costa-Oaxaca-585x439.jpeg 585w\" sizes=\"(max-width: 800px) 100vw, 800px\" \/><\/figure>\n","protected":false},"excerpt":{"rendered":"<p>Raymundo Morales\/Zona Roja. Oaxaca de Ju\u00e1rez, Oax. 3 de mayo de 2024.- En coordinaci\u00f3n con&hellip;<\/p>\n","protected":false},"author":2,"featured_media":67958,"comment_status":"closed","ping_status":"open","sticky":false,"template":"","format":"standard","meta":{"_lmt_disableupdate":"","_lmt_disable":"","_jetpack_memberships_contains_paid_content":false,"footnotes":""},"categories":[109,46],"tags":[494],"class_list":["post-67957","post","type-post","status-publish","format-standard","has-post-thumbnail","hentry","category-minuto-a-minuto","category-zona-blanca","tag-fiscalia-general-del-estado-de-oaxaca"],"jetpack_featured_media_url":"https:\/\/zonaroja.com.mx\/wp-content\/uploads\/2024\/05\/Personas-desaparecidas-en-la-Costa.jpg","jetpack_sharing_enabled":true,"_links":{"self":[{"href":"https:\/\/zonaroja.com.mx\/index.php?rest_route=\/wp\/v2\/posts\/67957","targetHints":{"allow":["GET"]}}],"collection":[{"href":"https:\/\/zonaroja.com.mx\/index.php?rest_route=\/wp\/v2\/posts"}],"about":[{"href":"https:\/\/zonaroja.com.mx\/index.php?rest_route=\/wp\/v2\/types\/post"}],"author":[{"embeddable":true,"href":"https:\/\/zonaroja.com.mx\/index.php?rest_route=\/wp\/v2\/users\/2"}],"replies":[{"embeddable":true,"href":"https:\/\/zonaroja.com.mx\/index.php?rest_route=%2Fwp%2Fv2%2Fcomments&post=67957"}],"version-history":[{"count":1,"href":"https:\/\/zonaroja.com.mx\/index.php?rest_route=\/wp\/v2\/posts\/67957\/revisions"}],"predecessor-version":[{"id":67960,"href":"https:\/\/zonaroja.com.mx\/index.php?rest_route=\/wp\/v2\/posts\/67957\/revisions\/67960"}],"wp:featuredmedia":[{"embeddable":true,"href":"https:\/\/zonaroja.com.mx\/index.php?rest_route=\/wp\/v2\/media\/67958"}],"wp:attachment":[{"href":"https:\/\/zonaroja.com.mx\/index.php?rest_route=%2Fwp%2Fv2%2Fmedia&parent=67957"}],"wp:term":[{"taxonomy":"category","embeddable":true,"href":"https:\/\/zonaroja.com.mx\/index.php?rest_route=%2Fwp%2Fv2%2Fcategories&post=67957"},{"taxonomy":"post_tag","embeddable":true,"href":"https:\/\/zonaroja.com.mx\/index.php?rest_route=%2Fwp%2Fv2%2Ftags&post=67957"}],"curies":[{"name":"wp","href":"https:\/\/api.w.org\/{rel}","templated":true}]}}