{"id":67965,"date":"2024-05-03T21:02:56","date_gmt":"2024-05-04T03:02:56","guid":{"rendered":"https:\/\/zonaroja.com.mx\/?p=67965"},"modified":"2024-05-03T21:02:58","modified_gmt":"2024-05-04T03:02:58","slug":"marchan-en-miahuatlan-a-un-ano-de-asesinato-de-un-joven-culpan-a-edil","status":"publish","type":"post","link":"https:\/\/zonaroja.com.mx\/?p=67965","title":{"rendered":"Marchan en Miahuatl\u00e1n, a un a\u00f1o de asesinato de un joven; culpan a edil"},"content":{"rendered":"\n<p>Raymundo Morales\/Zona Roja.<\/p>\n\n\n\n<p>Oaxaca de Ju\u00e1rez, Oax., a 3 de mayo de 2024.- Cientos de personas marcharon este viernes en Miahuatl\u00e1n de Porfirio D\u00edaz, para demandar justicia por el asesinato de Manuel Uriel Alc\u00e1zar Trujillo.<\/p>\n\n\n\n<p>El joven fue ultimado a balazos hace un a\u00f1o presuntamente por pistoleros al servicio del presidente municipal Jos\u00e9 Alberto Mart\u00ednez, militante del Frente Popular Revolucionario.<\/p>\n\n\n\n<p>El edil ha sido acusado en diversas ocasiones por los pobladores de ese municipio de la regi\u00f3n de la Sierra Sur, ante la omisi\u00f3n para incrementar la seguridad; no obstante, el mun\u00edcipe s\u00ed cuenta con un aparatoso equipo de guaruras.<\/p>\n\n\n\n<p>Familiares y allegados se congregaron en el pante\u00f3n municipal para marchar hacia la explanada del palacio municipal de dicho municipio, los cuales con pancartas exigieron justicia por su muerte.<\/p>\n\n\n\n<p>Durante la marcha, los manifestantes insistieron en que las autoridades ministeriales deben investigar al presidente municipal y a su equipo de seguridad, pues al parecer est\u00e1n inmiscuidos en el crimen del joven futbolista.<\/p>\n","protected":false},"excerpt":{"rendered":"<p>Raymundo Morales\/Zona Roja. Oaxaca de Ju\u00e1rez, Oax., a 3 de mayo de 2024.- Cientos de&hellip;<\/p>\n","protected":false},"author":2,"featured_media":67966,"comment_status":"closed","ping_status":"open","sticky":false,"template":"","format":"standard","meta":{"_lmt_disableupdate":"","_lmt_disable":"","_jetpack_memberships_contains_paid_content":false,"footnotes":""},"categories":[109,47],"tags":[169],"class_list":["post-67965","post","type-post","status-publish","format-standard","has-post-thumbnail","hentry","category-minuto-a-minuto","category-zona-gris","tag-miahuatlan-de-porfirio-diaz"],"jetpack_featured_media_url":"https:\/\/zonaroja.com.mx\/wp-content\/uploads\/2024\/05\/Marcha-asesinato-Miahuatlan.jpg","jetpack_sharing_enabled":true,"_links":{"self":[{"href":"https:\/\/zonaroja.com.mx\/index.php?rest_route=\/wp\/v2\/posts\/67965","targetHints":{"allow":["GET"]}}],"collection":[{"href":"https:\/\/zonaroja.com.mx\/index.php?rest_route=\/wp\/v2\/posts"}],"about":[{"href":"https:\/\/zonaroja.com.mx\/index.php?rest_route=\/wp\/v2\/types\/post"}],"author":[{"embeddable":true,"href":"https:\/\/zonaroja.com.mx\/index.php?rest_route=\/wp\/v2\/users\/2"}],"replies":[{"embeddable":true,"href":"https:\/\/zonaroja.com.mx\/index.php?rest_route=%2Fwp%2Fv2%2Fcomments&post=67965"}],"version-history":[{"count":1,"href":"https:\/\/zonaroja.com.mx\/index.php?rest_route=\/wp\/v2\/posts\/67965\/revisions"}],"predecessor-version":[{"id":67967,"href":"https:\/\/zonaroja.com.mx\/index.php?rest_route=\/wp\/v2\/posts\/67965\/revisions\/67967"}],"wp:featuredmedia":[{"embeddable":true,"href":"https:\/\/zonaroja.com.mx\/index.php?rest_route=\/wp\/v2\/media\/67966"}],"wp:attachment":[{"href":"https:\/\/zonaroja.com.mx\/index.php?rest_route=%2Fwp%2Fv2%2Fmedia&parent=67965"}],"wp:term":[{"taxonomy":"category","embeddable":true,"href":"https:\/\/zonaroja.com.mx\/index.php?rest_route=%2Fwp%2Fv2%2Fcategories&post=67965"},{"taxonomy":"post_tag","embeddable":true,"href":"https:\/\/zonaroja.com.mx\/index.php?rest_route=%2Fwp%2Fv2%2Ftags&post=67965"}],"curies":[{"name":"wp","href":"https:\/\/api.w.org\/{rel}","templated":true}]}}