{"id":67972,"date":"2024-05-04T09:45:00","date_gmt":"2024-05-04T15:45:00","guid":{"rendered":"https:\/\/zonaroja.com.mx\/?p=67972"},"modified":"2024-05-04T07:24:12","modified_gmt":"2024-05-04T13:24:12","slug":"asesinado-en-edomex-era-trabajador-del-ine-tres-muertos-en-bc","status":"publish","type":"post","link":"https:\/\/zonaroja.com.mx\/?p=67972","title":{"rendered":"Asesinado en Edomex era trabajador del INE; tres muertos en BC"},"content":{"rendered":"\n<p>Redacci\u00f3n\/Zona Roja Cdmx.<\/p>\n\n\n\n<p>Ciudad de M\u00e9xico, a 4 de mayo de 2024.- Haraum Salvador Ram\u00edrez Ben\u00edtez, funcionario del Instituto Nacional Electoral (INE), quien se desempa\u00f1aba como auditor monitorista, fue asesinado a balazos en el municipio de Axapusco, Estado de M\u00e9xico.<\/p>\n\n\n\n<p>El INE se\u00f1al\u00f3 que Ram\u00edrez Ben\u00edtez se trasladaba para realizar labores de fiscalizaci\u00f3n cuando fue atacado.<\/p>\n\n\n\n<p>Adem\u00e1s, el Instituto conden\u00f3 los actos de violencia, exigi\u00f3 que los hechos sean esclarecidos a la brevedad y envi\u00f3 sus condolencias a la familia del funcionario.<\/p>\n\n\n\n<p>EN BC<\/p>\n\n\n\n<p>Las autoridades&nbsp;de Baja California confirmaron este viernes el hallazgo de tres cuerpos en un acantilado en el poblado de Santo Tom\u00e1s, los cuales presentan huellas de violencia, en la misma zona donde el s\u00e1bado desaparecieron tres surfistas extranjeros.<\/p>\n\n\n\n<p>Al mediod\u00eda de este viernes, rescatistas de Bomberos y personal de investigaci\u00f3n de la Fiscal\u00eda General del Estado (FGE) de Baja California, realizaron maniobras para extraer los cuerpos sin vida, los cuales podr\u00edan tratarse de los hermanos australianos Callum y Jake Robinson y el estadounidense Jack Carter Road.<\/p>\n\n\n\n<p>Las autoridades no confirmaron de manera oficial las identidades de estos cuerpos, argumentando que esperar\u00e1n primeramente a los familiares para el reconocimiento de los cuerpos.<\/p>\n\n\n\n<p>(Informaci\u00f3n de L\u00f3pez-D\u00f3riga Digital)<\/p>\n","protected":false},"excerpt":{"rendered":"<p>Redacci\u00f3n\/Zona Roja Cdmx. Ciudad de M\u00e9xico, a 4 de mayo de 2024.- Haraum Salvador Ram\u00edrez&hellip;<\/p>\n","protected":false},"author":2,"featured_media":67973,"comment_status":"closed","ping_status":"open","sticky":false,"template":"","format":"standard","meta":{"_lmt_disableupdate":"","_lmt_disable":"","_jetpack_memberships_contains_paid_content":false,"footnotes":""},"categories":[109,51],"tags":[1746],"class_list":["post-67972","post","type-post","status-publish","format-standard","has-post-thumbnail","hentry","category-minuto-a-minuto","category-zona-roja","tag-violencia-en-mexico"],"jetpack_featured_media_url":"https:\/\/zonaroja.com.mx\/wp-content\/uploads\/2024\/05\/Asesinado-funcionario-INE-Edomex.webp","jetpack_sharing_enabled":true,"_links":{"self":[{"href":"https:\/\/zonaroja.com.mx\/index.php?rest_route=\/wp\/v2\/posts\/67972","targetHints":{"allow":["GET"]}}],"collection":[{"href":"https:\/\/zonaroja.com.mx\/index.php?rest_route=\/wp\/v2\/posts"}],"about":[{"href":"https:\/\/zonaroja.com.mx\/index.php?rest_route=\/wp\/v2\/types\/post"}],"author":[{"embeddable":true,"href":"https:\/\/zonaroja.com.mx\/index.php?rest_route=\/wp\/v2\/users\/2"}],"replies":[{"embeddable":true,"href":"https:\/\/zonaroja.com.mx\/index.php?rest_route=%2Fwp%2Fv2%2Fcomments&post=67972"}],"version-history":[{"count":1,"href":"https:\/\/zonaroja.com.mx\/index.php?rest_route=\/wp\/v2\/posts\/67972\/revisions"}],"predecessor-version":[{"id":67974,"href":"https:\/\/zonaroja.com.mx\/index.php?rest_route=\/wp\/v2\/posts\/67972\/revisions\/67974"}],"wp:featuredmedia":[{"embeddable":true,"href":"https:\/\/zonaroja.com.mx\/index.php?rest_route=\/wp\/v2\/media\/67973"}],"wp:attachment":[{"href":"https:\/\/zonaroja.com.mx\/index.php?rest_route=%2Fwp%2Fv2%2Fmedia&parent=67972"}],"wp:term":[{"taxonomy":"category","embeddable":true,"href":"https:\/\/zonaroja.com.mx\/index.php?rest_route=%2Fwp%2Fv2%2Fcategories&post=67972"},{"taxonomy":"post_tag","embeddable":true,"href":"https:\/\/zonaroja.com.mx\/index.php?rest_route=%2Fwp%2Fv2%2Ftags&post=67972"}],"curies":[{"name":"wp","href":"https:\/\/api.w.org\/{rel}","templated":true}]}}