{"id":67975,"date":"2024-05-04T09:24:00","date_gmt":"2024-05-04T15:24:00","guid":{"rendered":"https:\/\/zonaroja.com.mx\/?p=67975"},"modified":"2024-05-04T07:34:35","modified_gmt":"2024-05-04T13:34:35","slug":"en-santa-lucia-del-camino-reiteran-su-respaldo-a-juan-carlos-garcia-marquez","status":"publish","type":"post","link":"https:\/\/zonaroja.com.mx\/?p=67975","title":{"rendered":"En Santa Luc\u00eda del Camino reiteran su respaldo a Juan Carlos Garc\u00eda M\u00e1rquez"},"content":{"rendered":"\n<p>Redacci\u00f3n\/Zona Roja.<\/p>\n\n\n\n<p>Oaxaca de Ju\u00e1rez, Oax., a 4 de mayo de 2024.- \u201cAqu\u00ed nosotros somos cien por ciento morenistas y tiene todo el apoyo de toda la familia porque hemos visto que usted trabaja con mucho esfuerzo y con muchas ganas, y aqu\u00ed estamos todos, cuente con nuestro apoyo\u201d.<\/p>\n\n\n\n<p>Gestos y palabras como las de don Rolando se ha encontrado Juan Carlos Garc\u00eda M\u00e1rquez, en sus intensos recorridos por colonias, fraccionamientos y agencias de Santa Luc\u00eda del Camino, en busca del voto para continuar en la presidencia municipal.<\/p>\n\n\n\n<p>En el cuarto d\u00eda de campa\u00f1a, el candidato de la Cuarta Transformaci\u00f3n recorri\u00f3 distintos asentamientos para constatar que el apoyo de las y los vecinos por la continuaci\u00f3n del desarrollo y bienestar del municipio se ver\u00e1 reflejada este 02 de junio.<\/p>\n\n\n\n<p>En las colonias La Deportiva, Canteras y Guelatao, la ciudadan\u00eda reconocieron que el proyecto de la Cuarta Transformaci\u00f3n lleg\u00f3 a sus hogares de la mano de Garc\u00eda M\u00e1rquez, para hacer la diferencia, porque a lo largo de casi tres a\u00f1os ha demostrado que cuando existe un verdadero compromiso por cambiar las cosas, si se puede.<\/p>\n\n\n\n<p>Tal es el caso de Rolando, vecino de la colonia Guelatao que mostr\u00f3 su benepl\u00e1cito a Juan Carlos Garc\u00eda M\u00e1rquez y todo el partido Morena, por lo que este 2 de junio ir\u00e1 5 de 5 por el partido guinda.<\/p>\n\n\n\n<p>As\u00ed, recorriendo casa por casa, con un contacto directo que las y los vecinos de Santa Luc\u00eda del Camino, es como Juan Carlos Garc\u00eda M\u00e1rquez constata que la transformaci\u00f3n lleg\u00f3 al municipio y este 2 de junio se le dar\u00e1 continuidad al proyecto que encabez\u00f3 hace dos a\u00f1os y cuatro meses.<\/p>\n","protected":false},"excerpt":{"rendered":"<p>Redacci\u00f3n\/Zona Roja. Oaxaca de Ju\u00e1rez, Oax., a 4 de mayo de 2024.- \u201cAqu\u00ed nosotros somos&hellip;<\/p>\n","protected":false},"author":2,"featured_media":67976,"comment_status":"closed","ping_status":"open","sticky":false,"template":"","format":"standard","meta":{"_lmt_disableupdate":"","_lmt_disable":"","_jetpack_memberships_contains_paid_content":false,"footnotes":""},"categories":[109,46],"tags":[2533],"class_list":["post-67975","post","type-post","status-publish","format-standard","has-post-thumbnail","hentry","category-minuto-a-minuto","category-zona-blanca","tag-juan-carlos-garcia-marquez"],"jetpack_featured_media_url":"https:\/\/zonaroja.com.mx\/wp-content\/uploads\/2024\/05\/Juan-Carlos-Garcia-Santa-Lucia.jpeg","jetpack_sharing_enabled":true,"_links":{"self":[{"href":"https:\/\/zonaroja.com.mx\/index.php?rest_route=\/wp\/v2\/posts\/67975","targetHints":{"allow":["GET"]}}],"collection":[{"href":"https:\/\/zonaroja.com.mx\/index.php?rest_route=\/wp\/v2\/posts"}],"about":[{"href":"https:\/\/zonaroja.com.mx\/index.php?rest_route=\/wp\/v2\/types\/post"}],"author":[{"embeddable":true,"href":"https:\/\/zonaroja.com.mx\/index.php?rest_route=\/wp\/v2\/users\/2"}],"replies":[{"embeddable":true,"href":"https:\/\/zonaroja.com.mx\/index.php?rest_route=%2Fwp%2Fv2%2Fcomments&post=67975"}],"version-history":[{"count":1,"href":"https:\/\/zonaroja.com.mx\/index.php?rest_route=\/wp\/v2\/posts\/67975\/revisions"}],"predecessor-version":[{"id":67977,"href":"https:\/\/zonaroja.com.mx\/index.php?rest_route=\/wp\/v2\/posts\/67975\/revisions\/67977"}],"wp:featuredmedia":[{"embeddable":true,"href":"https:\/\/zonaroja.com.mx\/index.php?rest_route=\/wp\/v2\/media\/67976"}],"wp:attachment":[{"href":"https:\/\/zonaroja.com.mx\/index.php?rest_route=%2Fwp%2Fv2%2Fmedia&parent=67975"}],"wp:term":[{"taxonomy":"category","embeddable":true,"href":"https:\/\/zonaroja.com.mx\/index.php?rest_route=%2Fwp%2Fv2%2Fcategories&post=67975"},{"taxonomy":"post_tag","embeddable":true,"href":"https:\/\/zonaroja.com.mx\/index.php?rest_route=%2Fwp%2Fv2%2Ftags&post=67975"}],"curies":[{"name":"wp","href":"https:\/\/api.w.org\/{rel}","templated":true}]}}