{"id":67981,"date":"2024-05-05T12:00:00","date_gmt":"2024-05-05T18:00:00","guid":{"rendered":"https:\/\/zonaroja.com.mx\/?p=67981"},"modified":"2024-05-05T06:06:07","modified_gmt":"2024-05-05T12:06:07","slug":"reporteros-sin-fronteras-senala-continua-hostilidad-de-lopez-obrador-contra-periodistas","status":"publish","type":"post","link":"https:\/\/zonaroja.com.mx\/?p=67981","title":{"rendered":"Reporteros sin Fronteras se\u00f1ala continua hostilidad de L\u00f3pez Obrador contra periodistas"},"content":{"rendered":"\n<p>Redacci\u00f3n\/Zona Roja Cdmx.<\/p>\n\n\n\n<p>Ciudad de M\u00e9xico, a 5 de mayo de 2024.- Los periodistas latinoamericanos afrontaron el \u00faltimo a\u00f1o presiones pol\u00edticas y el deterioro de las condiciones\u00a0de trabajo, que en M\u00e9xico se reflejan principalmente en la hostilidad del presidente Andr\u00e9s Manuel L\u00f3pez Obrador, advirti\u00f3 el director de la organizaci\u00f3n Reporteros Sin Fronteras (RSF) para Latinoam\u00e9rica, Artur Romeu.<\/p>\n\n\n\n<p>Al publicarse la Clasificaci\u00f3n Mundial de la Libertad de Prensa de RSF, un \u00edndice que cada a\u00f1o eval\u00faa la situaci\u00f3n para los periodistas en 180 pa\u00edses, Romeu se\u00f1al\u00f3 en una entrevista virtual con EFE que m\u00e1s de la mitad de las naciones americanas empeoraron en 2023.<\/p>\n\n\n\n<p>&nbsp;\u201cM\u00e9xico sigue en una situaci\u00f3n dif\u00edcil\u201d<\/p>\n\n\n\n<p>Sobre M\u00e9xico, el director regional de RSF tambi\u00e9n resalt\u00f3 una baja en el indicador pol\u00edtico \u201casociada a una postura hostil y agresiva por parte del Gobierno del presidente Andr\u00e9s Manuel L\u00f3pez Obrador con respecto al ejercicio period\u00edstico\u201d.<\/p>\n\n\n\n<p>(L\u00f3pez Obrador) est\u00e1 llegando al fin de su mandato este a\u00f1o y no hubo reformas significativas para fortalecer las pol\u00edticas p\u00fablicas de protecci\u00f3n a periodistas. Pierde una oportunidad M\u00e9xico de poder presentarse al mundo como un pa\u00eds que ha logrado hacer frente a ese problema durante este sexenio\u201d, expuso Romeu.<\/p>\n\n\n\n<p>Adem\u00e1s, asever\u00f3 que \u201cla situaci\u00f3n en M\u00e9xico no ha mejorado\u201d, a pesar de subir del puesto 128 al 121 del listado, pues la posici\u00f3n es relativa a otros pa\u00edses.<\/p>\n\n\n\n<p>Romeu subray\u00f3 que aunque en 2023 documentaron cuatro asesinatos a periodistas, frente al r\u00e9cord de 11 de 2022, \u201cM\u00e9xico sigue en una situaci\u00f3n dif\u00edcil\u201d.<\/p>\n\n\n\n<p>Ante las elecciones del 2 de junio, Romeu expres\u00f3 que \u201chay un vac\u00edo de propuestas\u201d sobre violencia contra periodistas, y consider\u00f3 \u201cabsolutamente incomprensible\u201d que \u201cninguna campa\u00f1a presidencial\u201d tenga \u201cdeclaraciones fuertes en apoyo al periodismo\u201d y \u201cpropuestas de mejor\u00edas para las garant\u00edas de la libertad de prensa\u201d.<\/p>\n\n\n\n<p>\u201cLo que RSF est\u00e1 pidiendo es que las elecciones presidenciales en M\u00e9xico no dejen de tratar el tema de la violencia contra los periodistas en el pa\u00eds\u201d, expres\u00f3.<\/p>\n\n\n\n<p>El reporte destaca que \u201cM\u00e9xico es el pa\u00eds del mundo con el mayor n\u00famero de periodistas asesinados (72) en la \u00faltima d\u00e9cada\u201d.<\/p>\n\n\n\n<p>&nbsp;Elecciones y desinformaci\u00f3n global<\/p>\n\n\n\n<p>El especialista indic\u00f3 que las presiones pol\u00edticas son una tendencia global, con una ca\u00edda de 7.6 puntos en este rubro de la clasificaci\u00f3n.<\/p>\n\n\n\n<p>Romeu explic\u00f3 que existe una percepci\u00f3n de que los \u201cEstados y otros actores pol\u00edticos, que deber\u00edan ser los que garantizan las condiciones para el ejercicio libre del periodismo son los mismos\u201d que \u201cest\u00e1n afectando negativamente el ambiente para ejercer(lo)\u201d.<\/p>\n\n\n\n<p>\u201cEst\u00e1n instrumentalizando y alimentando la desconfianza de la sociedad en relaci\u00f3n con el ejercicio del periodismo, y capitalizando, sacando de ah\u00ed ganancias, porque se alimentan de un escenario de polarizaci\u00f3n\u201d, expuso.<\/p>\n\n\n\n<p>Apunt\u00f3 que en tres cuartos de los pa\u00edses evaluados, 138 de 180, el an\u00e1lisis de RSF revel\u00f3 la implicaci\u00f3n directa de actores pol\u00edticos en campa\u00f1as de desinformaci\u00f3n masiva y propaganda en contextos electorales.<\/p>\n\n\n\n<p>Por lo que se\u00f1al\u00f3 que, ante las elecciones en varios pa\u00edses del mundo, junto con el auge de nuevas tecnolog\u00edas, como la inteligencia artificial generativa, se crea \u201cuna tempestad perfecta\u201d que \u201cpuede impactar los rumbos\u201d de los comicios.<\/p>\n\n\n\n<p>En este escenario, \u201cel periodismo tiene que disputar espacio con contenidos que son artificiales, o sea, con desinformaciones que tienen como objetivo coludir el debate p\u00fablico\u201d, alert\u00f3.<\/p>\n\n\n\n<p>Adem\u00e1s, advirti\u00f3 que no hay legislaciones espec\u00edficas en gran parte del mundo para \u201climitar el impacto\u201d de la inteligencia artificial.<\/p>\n\n\n\n<p>En los primeros lugares de la lista de RSF est\u00e1n Noruega, Dinamarca, Suecia y Pa\u00edses Bajos, mientras que en los \u00faltimos est\u00e1n Eritrea, Siria, Afganist\u00e1n y Corea del Norte.<\/p>\n\n\n\n<p>(Con informaci\u00f3n de EFE en L\u00f3pez-D\u00f3riga Digital)<\/p>\n","protected":false},"excerpt":{"rendered":"<p>Redacci\u00f3n\/Zona Roja Cdmx. Ciudad de M\u00e9xico, a 5 de mayo de 2024.- Los periodistas latinoamericanos&hellip;<\/p>\n","protected":false},"author":2,"featured_media":67982,"comment_status":"closed","ping_status":"open","sticky":false,"template":"","format":"standard","meta":{"_lmt_disableupdate":"","_lmt_disable":"","_jetpack_memberships_contains_paid_content":false,"footnotes":""},"categories":[109,47],"tags":[143],"class_list":["post-67981","post","type-post","status-publish","format-standard","has-post-thumbnail","hentry","category-minuto-a-minuto","category-zona-gris","tag-andres-manuel-lopez-obrador"],"jetpack_featured_media_url":"https:\/\/zonaroja.com.mx\/wp-content\/uploads\/2024\/05\/Lopez-Obrador-y-la-prensa.jpeg","jetpack_sharing_enabled":true,"_links":{"self":[{"href":"https:\/\/zonaroja.com.mx\/index.php?rest_route=\/wp\/v2\/posts\/67981","targetHints":{"allow":["GET"]}}],"collection":[{"href":"https:\/\/zonaroja.com.mx\/index.php?rest_route=\/wp\/v2\/posts"}],"about":[{"href":"https:\/\/zonaroja.com.mx\/index.php?rest_route=\/wp\/v2\/types\/post"}],"author":[{"embeddable":true,"href":"https:\/\/zonaroja.com.mx\/index.php?rest_route=\/wp\/v2\/users\/2"}],"replies":[{"embeddable":true,"href":"https:\/\/zonaroja.com.mx\/index.php?rest_route=%2Fwp%2Fv2%2Fcomments&post=67981"}],"version-history":[{"count":2,"href":"https:\/\/zonaroja.com.mx\/index.php?rest_route=\/wp\/v2\/posts\/67981\/revisions"}],"predecessor-version":[{"id":68012,"href":"https:\/\/zonaroja.com.mx\/index.php?rest_route=\/wp\/v2\/posts\/67981\/revisions\/68012"}],"wp:featuredmedia":[{"embeddable":true,"href":"https:\/\/zonaroja.com.mx\/index.php?rest_route=\/wp\/v2\/media\/67982"}],"wp:attachment":[{"href":"https:\/\/zonaroja.com.mx\/index.php?rest_route=%2Fwp%2Fv2%2Fmedia&parent=67981"}],"wp:term":[{"taxonomy":"category","embeddable":true,"href":"https:\/\/zonaroja.com.mx\/index.php?rest_route=%2Fwp%2Fv2%2Fcategories&post=67981"},{"taxonomy":"post_tag","embeddable":true,"href":"https:\/\/zonaroja.com.mx\/index.php?rest_route=%2Fwp%2Fv2%2Ftags&post=67981"}],"curies":[{"name":"wp","href":"https:\/\/api.w.org\/{rel}","templated":true}]}}