{"id":6799,"date":"2019-12-19T17:01:10","date_gmt":"2019-12-19T23:01:10","guid":{"rendered":"http:\/\/www.zonaroja.com.mx\/?p=6799"},"modified":"2019-12-19T17:01:13","modified_gmt":"2019-12-19T23:01:13","slug":"agradece-ayutla-respaldo-ciudadano-reiteran-exigencia-de-justicia","status":"publish","type":"post","link":"https:\/\/zonaroja.com.mx\/?p=6799","title":{"rendered":"Agradece Ayutla respaldo ciudadano; reiteran exigencia de justicia"},"content":{"rendered":"\n<p>Evlin Arag\u00f3n\/Zona Roja.<\/p>\n\n\n\n<p>Oaxaca de Ju\u00e1rez, Oax., 19 de diciembre\nde 2019.- La Banda Filarm\u00f3nica de San Pedro y San Pablo Ayutla agradeci\u00f3 las\nmuestras de apoyo de la sociedad, luego de denunciar el robo de unos 35\ninstrumentos musicales, que les arrebat\u00f3 el derecho a las ni\u00f1as y ni\u00f1os de continuar\ncon su herencia musical. <\/p>\n\n\n\n<p>Los hechos ocurrieron el pasado 13 de\ndiciembre en la localidad de la Sierra Ju\u00e1rez, cuando sujetos desconocidos\nhurtaron el patrimonio comunitario y que incluso forma parte de la identidad\ndel pueblo, reconocido por su cultura musical la cual se inculca desde muy\ntemprana edad. <\/p>\n\n\n\n<p>En el documento se manifestaron\nconmovidos con la respuesta obtenida por la sociedad civil que incluso\ncontribuy\u00f3 a que la situaci\u00f3n llegara a los o\u00eddos de las autoridades estatales.\n<\/p>\n\n\n\n<p>\u201cNos conmueve profundamente que ante\nlas diversas tragedias que se viven d\u00eda a d\u00eda, sea la sociedad civil la primera\nen actuar y organizarse\u201d, expusieron. <\/p>\n\n\n\n<p>Informaron que ya hubo acercamiento de\nparte del gobierno de Oaxaca que se comprometi\u00f3 a realizar las gestiones\nnecesarias y entregar el pr\u00f3ximo lunes 23 de diciembre los instrumentos que le\npermitan a la Banda Filarm\u00f3nica realizar un acto de agradecimiento en la\nlocalidad el jueves 26 de diciembre al que invitan al p\u00fablico en general y de\nforma particular a quienes han contribuido para la reposici\u00f3n del equipo\nmusical. <\/p>\n\n\n\n<p>Explicaron que los donativos ya\nrealizados por la sociedad civil servir\u00e1n para ampliar el patrimonio de la\nbanda el que no ha sido posible renovar por la falta de recursos, a la par que\naclararon lo anterior ser\u00e1 reportado de forma p\u00fablica y transparente mediante asamblea\ny difundido en los medios de comunicaci\u00f3n. <\/p>\n\n\n\n<p>Aunque reconocieron el respaldo del gobierno\nde Oaxaca para reponer lo robado, aseguraron que es imprescindible que se\nllegue a la verdad de los hechos. \u201cLas instituciones tiene la obligaci\u00f3n de dar\ncon los responsables de esta agresi\u00f3n a nuestra comunidad\u201d. <\/p>\n\n\n\n<p>As\u00ed mismo recordaron la deuda pendiente\nque tienen las autoridades de gobierno y procuraci\u00f3n de justicia con el pueblo\nde Ayutla, ya que la misma violencia que les arrebat\u00f3 sus instrumentos\nmusicales, es la misma que los mantiene privados del derecho al agua desde hace\nm\u00e1s de dos a\u00f1os, denuncia que han llevado a nivel internacional debido a la\nfalta de atenci\u00f3n.<\/p>\n","protected":false},"excerpt":{"rendered":"<p>Evlin Arag\u00f3n\/Zona Roja. Oaxaca de Ju\u00e1rez, Oax., 19 de diciembre de 2019.- La Banda Filarm\u00f3nica&hellip;<\/p>\n","protected":false},"author":2,"featured_media":6693,"comment_status":"closed","ping_status":"open","sticky":false,"template":"","format":"standard","meta":{"_lmt_disableupdate":"","_lmt_disable":"","_jetpack_memberships_contains_paid_content":false,"footnotes":""},"categories":[109,46],"tags":[501],"class_list":["post-6799","post","type-post","status-publish","format-standard","has-post-thumbnail","hentry","category-minuto-a-minuto","category-zona-blanca","tag-san-pedro-y-san-pablo-ayutla-mixe"],"jetpack_featured_media_url":"https:\/\/zonaroja.com.mx\/wp-content\/uploads\/2019\/12\/ac10d626-153b-4cfc-8885-b1751484f90a-1.jpg","jetpack_sharing_enabled":true,"_links":{"self":[{"href":"https:\/\/zonaroja.com.mx\/index.php?rest_route=\/wp\/v2\/posts\/6799","targetHints":{"allow":["GET"]}}],"collection":[{"href":"https:\/\/zonaroja.com.mx\/index.php?rest_route=\/wp\/v2\/posts"}],"about":[{"href":"https:\/\/zonaroja.com.mx\/index.php?rest_route=\/wp\/v2\/types\/post"}],"author":[{"embeddable":true,"href":"https:\/\/zonaroja.com.mx\/index.php?rest_route=\/wp\/v2\/users\/2"}],"replies":[{"embeddable":true,"href":"https:\/\/zonaroja.com.mx\/index.php?rest_route=%2Fwp%2Fv2%2Fcomments&post=6799"}],"version-history":[{"count":1,"href":"https:\/\/zonaroja.com.mx\/index.php?rest_route=\/wp\/v2\/posts\/6799\/revisions"}],"predecessor-version":[{"id":6800,"href":"https:\/\/zonaroja.com.mx\/index.php?rest_route=\/wp\/v2\/posts\/6799\/revisions\/6800"}],"wp:featuredmedia":[{"embeddable":true,"href":"https:\/\/zonaroja.com.mx\/index.php?rest_route=\/wp\/v2\/media\/6693"}],"wp:attachment":[{"href":"https:\/\/zonaroja.com.mx\/index.php?rest_route=%2Fwp%2Fv2%2Fmedia&parent=6799"}],"wp:term":[{"taxonomy":"category","embeddable":true,"href":"https:\/\/zonaroja.com.mx\/index.php?rest_route=%2Fwp%2Fv2%2Fcategories&post=6799"},{"taxonomy":"post_tag","embeddable":true,"href":"https:\/\/zonaroja.com.mx\/index.php?rest_route=%2Fwp%2Fv2%2Ftags&post=6799"}],"curies":[{"name":"wp","href":"https:\/\/api.w.org\/{rel}","templated":true}]}}