{"id":67994,"date":"2024-05-04T17:18:21","date_gmt":"2024-05-04T23:18:21","guid":{"rendered":"https:\/\/zonaroja.com.mx\/?p=67994"},"modified":"2024-05-04T17:18:23","modified_gmt":"2024-05-04T23:18:23","slug":"asesinan-a-una-mujer-en-valles-centrales-de-oaxaca-y-a-dos-individuos-en-istmo","status":"publish","type":"post","link":"https:\/\/zonaroja.com.mx\/?p=67994","title":{"rendered":"Asesinan a una mujer en Valles Centrales de Oaxaca y a dos individuos en Istmo"},"content":{"rendered":"\n<p>Ismael Garc\u00eda M.\/Zona Roja.<\/p>\n\n\n\n<p>Oaxaca de Ju\u00e1rez, Oax., a 4 de mayo de 2024.- Una mujer fue asesinada la madrugada de este s\u00e1bado en la zona metropolitana de la ciudad de Oaxaca y presuntamente fue adem\u00e1s torturada.<\/p>\n\n\n\n<p>El cad\u00e1ver fue localizado a un costado de la carretera a la zona arqueol\u00f3gica de Monte Alb\u00e1n, en los l\u00edmites de la ciudad de Oaxaca con el municipio de Santa Mar\u00eda Atzompa; hasta el momento la v\u00edctima no ha sido identificada.<\/p>\n\n\n\n<p>Tambi\u00e9n la ma\u00f1ana de hoy y por la misma zona, a la entrada del fraccionamiento \u00c1lamos, fue hallado herido un individuo, quien tambi\u00e9n habr\u00eda sido torturado.<\/p>\n\n\n\n<p>CONDENA DIFUSI\u00d3N DE IM\u00c1GEN<\/p>\n\n\n\n<p>En un comunicado, l Fiscal\u00eda General del Estado de Oaxaca (FGEO) inici\u00f3 la investigaci\u00f3n correspondiente bajo el&nbsp; Protocolo de Actuaci\u00f3n Ministerial, Pericial y Policial en el Delito de Feminicidio, luego de&nbsp; tomar conocimiento de la localizaci\u00f3n del cuerpo sin vida de una mujer.<\/p>\n\n\n\n<p>Indic\u00f3 que luego de recibir el reporte, el organismo procurador de justicia intervino a trav\u00e9s de&nbsp; la Fiscal\u00eda Especializada para la Atenci\u00f3n a Delitos contra la Mujer por Raz\u00f3n de G\u00e9nero y despleg\u00f3 al equipo multidisciplinario que se traslad\u00f3 a inmediaciones de la zona, para indagar el hecho.<\/p>\n\n\n\n<p>En tanto que, por el mismo caso, la Fiscal\u00eda de Oaxaca inici\u00f3 una carpeta de investigaci\u00f3n \u201cpor la filtraci\u00f3n y difusi\u00f3n de im\u00e1genes expl\u00edcitas del cuerpo de la v\u00edctima, pues cualquier servidor o servidora p\u00fablica que indebidamente difunda, entregue, revele, publique, transmita, exponga, remita, distribuya, videograbe, audiograbe, fotograf\u00ede, filme, reproduzca, comercialice, oferte, intercambie o comparta im\u00e1genes, indicios, audios, videos o documentos del lugar de los hechos o del hallazgo, comete el delito de \u2018Ejercicio il\u00edcito del servicio p\u00fablico y uso p\u00fablico de atribuciones y facultades\u2019 de acuerdo con el Art\u00edculo 207 del C\u00f3digo Penal para el Estado de Oaxaca\u201d, destac\u00f3 en su comunicado.&nbsp;<\/p>\n\n\n\n<p>Puntualiz\u00f3 que este tipo de im\u00e1genes vulneran la dignidad de las v\u00edctimas directas y afectan en forma profunda a las v\u00edctimas indirectas de este tipo de delitos, por ello, insta a la poblaci\u00f3n a no compartir este tipo de contenido que es revictimizante, adem\u00e1s que en el caso de mujeres, ni\u00f1as y adolescentes es una forma m\u00e1s en las que se les violenta.<\/p>\n\n\n\n<p>EN EL ISTMO<\/p>\n\n\n\n<p>Por otra parte, en San Blas Atempa, municipio de la regi\u00f3n del Istmo, fue ejecutado a balazos un mototaxistas, cuyo cuerpo fue hallado en jurisdicci\u00f3n de la colonia Costa Verde.<\/p>\n\n\n\n<p>Tambi\u00e9n hasta el momento no se cuenta con la identidad de la v\u00edctima, por lo cual la Vicefiscal\u00eda Regional del Istmo inici\u00f3 la respectiva carpeta de investigaci\u00f3n.<\/p>\n\n\n\n<p>Mientras que en Santo Domingo Tehuantepec, tambi\u00e9n en el Istmo, fue asesinado en su domicilio Samuel L. P., conocido como \u201cVampiro DJ\u201d, quien amenizaba musicalmente eventos.<\/p>\n\n\n\n<p>Los hechos sucedieron la madrugada de hoy en la colonia Benito Ju\u00e1rez y hasta ahora se desconoce el m\u00f3vil del crimen, al igual que la identidad del o de los agresores armados.<\/p>\n","protected":false},"excerpt":{"rendered":"<p>Ismael Garc\u00eda M.\/Zona Roja. Oaxaca de Ju\u00e1rez, Oax., a 4 de mayo de 2024.- Una&hellip;<\/p>\n","protected":false},"author":2,"featured_media":67995,"comment_status":"closed","ping_status":"open","sticky":false,"template":"","format":"standard","meta":{"_lmt_disableupdate":"","_lmt_disable":"","_jetpack_memberships_contains_paid_content":false,"footnotes":""},"categories":[109,51],"tags":[179],"class_list":["post-67994","post","type-post","status-publish","format-standard","has-post-thumbnail","hentry","category-minuto-a-minuto","category-zona-roja","tag-san-blas-atempa"],"jetpack_featured_media_url":"https:\/\/zonaroja.com.mx\/wp-content\/uploads\/2024\/05\/Mujer-asesinada-carretera-a-Monte-Alban.jpeg","jetpack_sharing_enabled":true,"_links":{"self":[{"href":"https:\/\/zonaroja.com.mx\/index.php?rest_route=\/wp\/v2\/posts\/67994","targetHints":{"allow":["GET"]}}],"collection":[{"href":"https:\/\/zonaroja.com.mx\/index.php?rest_route=\/wp\/v2\/posts"}],"about":[{"href":"https:\/\/zonaroja.com.mx\/index.php?rest_route=\/wp\/v2\/types\/post"}],"author":[{"embeddable":true,"href":"https:\/\/zonaroja.com.mx\/index.php?rest_route=\/wp\/v2\/users\/2"}],"replies":[{"embeddable":true,"href":"https:\/\/zonaroja.com.mx\/index.php?rest_route=%2Fwp%2Fv2%2Fcomments&post=67994"}],"version-history":[{"count":1,"href":"https:\/\/zonaroja.com.mx\/index.php?rest_route=\/wp\/v2\/posts\/67994\/revisions"}],"predecessor-version":[{"id":67996,"href":"https:\/\/zonaroja.com.mx\/index.php?rest_route=\/wp\/v2\/posts\/67994\/revisions\/67996"}],"wp:featuredmedia":[{"embeddable":true,"href":"https:\/\/zonaroja.com.mx\/index.php?rest_route=\/wp\/v2\/media\/67995"}],"wp:attachment":[{"href":"https:\/\/zonaroja.com.mx\/index.php?rest_route=%2Fwp%2Fv2%2Fmedia&parent=67994"}],"wp:term":[{"taxonomy":"category","embeddable":true,"href":"https:\/\/zonaroja.com.mx\/index.php?rest_route=%2Fwp%2Fv2%2Fcategories&post=67994"},{"taxonomy":"post_tag","embeddable":true,"href":"https:\/\/zonaroja.com.mx\/index.php?rest_route=%2Fwp%2Fv2%2Ftags&post=67994"}],"curies":[{"name":"wp","href":"https:\/\/api.w.org\/{rel}","templated":true}]}}