{"id":68008,"date":"2024-05-04T19:20:00","date_gmt":"2024-05-05T01:20:00","guid":{"rendered":"https:\/\/zonaroja.com.mx\/?p=68008"},"modified":"2024-05-04T18:17:12","modified_gmt":"2024-05-05T00:17:12","slug":"prioridad-a-indigenas-en-la-agenda-del-senado-nino-morales","status":"publish","type":"post","link":"https:\/\/zonaroja.com.mx\/?p=68008","title":{"rendered":"Prioridad a ind\u00edgenas, en la agenda del Senado: Nino Morales"},"content":{"rendered":"\n<p>Raymundo Morales\/Zona Roja.<\/p>\n\n\n\n<p>Oaxaca de Ju\u00e1rez, Oax., a 4 de mayo de 2024.- Antonino Morales Toledo, candidato al Senado de la Rep\u00fablica, contin\u00faa su intensa gira por la regi\u00f3n de la Cuenca, donde la gente lo recibe masivamente.<\/p>\n\n\n\n<p>En San Lucas Ojitl\u00e1n, se pronunci\u00f3 por la prioridad que se dar\u00e1 desde la C\u00e1mara alta a los pueblos ind\u00edgenas.<\/p>\n\n\n\n<p>Nuevamente cobijado por el calor humano de &nbsp;miles de habitantes de este municipio y comunidades vecinas, el joven pol\u00edtico istme\u00f1o y fundador de Morena, destac\u00f3 &nbsp;el orgullo que siente de ser ind\u00edgena y de conservar su lengua madre el zapoteco.<\/p>\n\n\n\n<p>\u201cPorque hablar mi lengua materna, es mantener vivos los recuerdos de mis ancestros, de &nbsp;mis queridos abuelos y por supuesto tambi\u00e9n tener presente a mis padres. Qu\u00e9 mayor y mejor herencia podemos tener\u00bb, expres\u00f3, el joven pol\u00edtico originario de la Heroica Villa de San Blas Atempa.<\/p>\n\n\n\n<p>Abrazado por sus hermanas y hermanos chinantecos, &nbsp;Nino Morales, particip\u00f3 en el arranque de campa\u00f1a de Edelia Ortega, candidata a presidenta municipal de San Lucas Ojitl\u00e1n, a quien consider\u00f3 como una mujer joven y comprometida con la Cuarta Transformaci\u00f3n.<\/p>\n\n\n\n<p>El candidato ind\u00edgena de Morena, tambi\u00e9n sostuvo que esta poblaci\u00f3n chinanteca, sin duda ya eligi\u00f3 a su pr\u00f3xima presidenta municipal, y tambi\u00e9n est\u00e1n convencidos que es Morena, el \u00fanico camino para continuar con la aut\u00e9ntica transformaci\u00f3n.<\/p>\n\n\n\n<p>Agreg\u00f3 que la doctora Claudia Sheinbaum, candidata a presidenta de la Rep\u00fablica, representa la continuidad del proyecto iniciado por el dirigente y fundador del Movimiento de Regeneraci\u00f3n Nacional.&nbsp;<\/p>\n","protected":false},"excerpt":{"rendered":"<p>Raymundo Morales\/Zona Roja. Oaxaca de Ju\u00e1rez, Oax., a 4 de mayo de 2024.- Antonino Morales&hellip;<\/p>\n","protected":false},"author":2,"featured_media":68009,"comment_status":"closed","ping_status":"open","sticky":false,"template":"","format":"standard","meta":{"_lmt_disableupdate":"","_lmt_disable":"","_jetpack_memberships_contains_paid_content":false,"footnotes":""},"categories":[109,46],"tags":[180],"class_list":["post-68008","post","type-post","status-publish","format-standard","has-post-thumbnail","hentry","category-minuto-a-minuto","category-zona-blanca","tag-antonino-morales-toledo"],"jetpack_featured_media_url":"https:\/\/zonaroja.com.mx\/wp-content\/uploads\/2024\/05\/Antonino-Morales-en-la-Cuenca.jpg","jetpack_sharing_enabled":true,"_links":{"self":[{"href":"https:\/\/zonaroja.com.mx\/index.php?rest_route=\/wp\/v2\/posts\/68008","targetHints":{"allow":["GET"]}}],"collection":[{"href":"https:\/\/zonaroja.com.mx\/index.php?rest_route=\/wp\/v2\/posts"}],"about":[{"href":"https:\/\/zonaroja.com.mx\/index.php?rest_route=\/wp\/v2\/types\/post"}],"author":[{"embeddable":true,"href":"https:\/\/zonaroja.com.mx\/index.php?rest_route=\/wp\/v2\/users\/2"}],"replies":[{"embeddable":true,"href":"https:\/\/zonaroja.com.mx\/index.php?rest_route=%2Fwp%2Fv2%2Fcomments&post=68008"}],"version-history":[{"count":1,"href":"https:\/\/zonaroja.com.mx\/index.php?rest_route=\/wp\/v2\/posts\/68008\/revisions"}],"predecessor-version":[{"id":68010,"href":"https:\/\/zonaroja.com.mx\/index.php?rest_route=\/wp\/v2\/posts\/68008\/revisions\/68010"}],"wp:featuredmedia":[{"embeddable":true,"href":"https:\/\/zonaroja.com.mx\/index.php?rest_route=\/wp\/v2\/media\/68009"}],"wp:attachment":[{"href":"https:\/\/zonaroja.com.mx\/index.php?rest_route=%2Fwp%2Fv2%2Fmedia&parent=68008"}],"wp:term":[{"taxonomy":"category","embeddable":true,"href":"https:\/\/zonaroja.com.mx\/index.php?rest_route=%2Fwp%2Fv2%2Fcategories&post=68008"},{"taxonomy":"post_tag","embeddable":true,"href":"https:\/\/zonaroja.com.mx\/index.php?rest_route=%2Fwp%2Fv2%2Ftags&post=68008"}],"curies":[{"name":"wp","href":"https:\/\/api.w.org\/{rel}","templated":true}]}}