{"id":68013,"date":"2024-05-05T08:30:00","date_gmt":"2024-05-05T14:30:00","guid":{"rendered":"https:\/\/zonaroja.com.mx\/?p=68013"},"modified":"2024-05-05T07:01:04","modified_gmt":"2024-05-05T13:01:04","slug":"asesinan-a-individuo-en-zimatlan-de-alvarez-oaxaca","status":"publish","type":"post","link":"https:\/\/zonaroja.com.mx\/?p=68013","title":{"rendered":"Asesinan a individuo en Zimatl\u00e1n de \u00c1lvarez, Oaxaca"},"content":{"rendered":"\n<p>Redacci\u00f3n\/Zona Roja.<\/p>\n\n\n\n<p>Oaxaca de Ju\u00e1rez, Oax., a 5 de mayo de 2024.- Una persona del sexo masculino fue asesinado a balazos en Zimatl\u00e1n de \u00c1lvarez, municipio de la regi\u00f3n Valles Centrales de Oaxaca.<\/p>\n\n\n\n<p>De acuerdo con reportes policiacos, una balacera ocurri\u00f3 aproximadamente a las 18:45 horas de ayer s\u00e1bado en la avenida Ju\u00e1rez del barrio San Juan, por lo cual se movilizaron diversas unidades a la zona.<\/p>\n\n\n\n<p>Param\u00e9dicos atendieron al lesionado y lo trasladaron a una cl\u00ednica particular de dicho municipio, distante a unos 30 kil\u00f3metros al sur de la capital, donde perdi\u00f3 la vida debido a la gravedad de las lesiones.<\/p>\n\n\n\n<p>La Fiscal\u00eda General del Estado inici\u00f3 las indagatorias correspondientes y una de las l\u00edneas de investigaci\u00f3n es probables actividades de narcomenudeo.<\/p>\n\n\n\n<p>En el transcurso de ayer s\u00e1bado, fueron asesinadas tres personas y una m\u00e1s result\u00f3 lesionada.<\/p>\n\n\n\n<p>En l\u00edmites de la ciudad de Oaxaca con Santa Mar\u00eda Atzompa fue hallado el cuerpo sin vida de una mujer, con huellas de tortura, hasta el momento no identificada; metros antes fue hallado a un individuo, tambi\u00e9n con m\u00faltiples lesiones y que podr\u00eda estar relacionado con el probable feminicidio.<\/p>\n\n\n\n<p>En San Blas Atempa ocurri\u00f3 el asesinato de un mototaxista, mientras que en Santo Domingo Tehuantepec mataron a un locutor y animador de fiestas, conocido como \u201cVampido DJ\u201d.<\/p>\n","protected":false},"excerpt":{"rendered":"<p>Redacci\u00f3n\/Zona Roja. Oaxaca de Ju\u00e1rez, Oax., a 5 de mayo de 2024.- Una persona del&hellip;<\/p>\n","protected":false},"author":2,"featured_media":66737,"comment_status":"closed","ping_status":"open","sticky":false,"template":"","format":"standard","meta":{"_lmt_disableupdate":"","_lmt_disable":"","_jetpack_memberships_contains_paid_content":false,"footnotes":""},"categories":[109,51],"tags":[802],"class_list":["post-68013","post","type-post","status-publish","format-standard","has-post-thumbnail","hentry","category-minuto-a-minuto","category-zona-roja","tag-zimatlan-de-alvarez"],"jetpack_featured_media_url":"https:\/\/zonaroja.com.mx\/wp-content\/uploads\/2024\/03\/escena-violencia-asesinato.jpeg","jetpack_sharing_enabled":true,"_links":{"self":[{"href":"https:\/\/zonaroja.com.mx\/index.php?rest_route=\/wp\/v2\/posts\/68013","targetHints":{"allow":["GET"]}}],"collection":[{"href":"https:\/\/zonaroja.com.mx\/index.php?rest_route=\/wp\/v2\/posts"}],"about":[{"href":"https:\/\/zonaroja.com.mx\/index.php?rest_route=\/wp\/v2\/types\/post"}],"author":[{"embeddable":true,"href":"https:\/\/zonaroja.com.mx\/index.php?rest_route=\/wp\/v2\/users\/2"}],"replies":[{"embeddable":true,"href":"https:\/\/zonaroja.com.mx\/index.php?rest_route=%2Fwp%2Fv2%2Fcomments&post=68013"}],"version-history":[{"count":1,"href":"https:\/\/zonaroja.com.mx\/index.php?rest_route=\/wp\/v2\/posts\/68013\/revisions"}],"predecessor-version":[{"id":68014,"href":"https:\/\/zonaroja.com.mx\/index.php?rest_route=\/wp\/v2\/posts\/68013\/revisions\/68014"}],"wp:featuredmedia":[{"embeddable":true,"href":"https:\/\/zonaroja.com.mx\/index.php?rest_route=\/wp\/v2\/media\/66737"}],"wp:attachment":[{"href":"https:\/\/zonaroja.com.mx\/index.php?rest_route=%2Fwp%2Fv2%2Fmedia&parent=68013"}],"wp:term":[{"taxonomy":"category","embeddable":true,"href":"https:\/\/zonaroja.com.mx\/index.php?rest_route=%2Fwp%2Fv2%2Fcategories&post=68013"},{"taxonomy":"post_tag","embeddable":true,"href":"https:\/\/zonaroja.com.mx\/index.php?rest_route=%2Fwp%2Fv2%2Ftags&post=68013"}],"curies":[{"name":"wp","href":"https:\/\/api.w.org\/{rel}","templated":true}]}}