{"id":68018,"date":"2024-05-05T10:00:00","date_gmt":"2024-05-05T16:00:00","guid":{"rendered":"https:\/\/zonaroja.com.mx\/?p=68018"},"modified":"2024-05-05T07:13:40","modified_gmt":"2024-05-05T13:13:40","slug":"matan-a-morenista-en-rina-en-yucatan-atacan-a-candidato-en-puebla","status":"publish","type":"post","link":"https:\/\/zonaroja.com.mx\/?p=68018","title":{"rendered":"Matan a morenista en ri\u00f1a en Yucat\u00e1n; atacan a candidato en Puebla"},"content":{"rendered":"\n<p>Redacci\u00f3n\/Zona Roja Cdmx.<\/p>\n\n\n\n<p>Ciudad de M\u00e9xico, a 5 de mayo de 2024.- Mart\u00edn \u201cN\u201d, de 21 a\u00f1os de edad, militante de Morena, falleci\u00f3 durante un enfrentamiento a pedradas entre simpatizantes de su partido y del PRI-PAN en la comunidad maya de X-Bohom, municipio de Chankom.&nbsp;<\/p>\n\n\n\n<p>En la reyerta tambi\u00e9n resultaron lesionadas 30 personas, inform\u00f3 la Secretar\u00eda de Seguridad P\u00fablica estatal (SSP).<\/p>\n\n\n\n<p>De acuerdo con la dependencia, la noche del viernes una caravana del partido guinda que realizaba actos proselitistas del candidato a la alcald\u00eda de Chankom, Manuel Castro, se encontr\u00f3 con un grupo de presuntos militantes del PAN y del PRI, quienes tambi\u00e9n hac\u00edan actividades de campa\u00f1a a favor de la actual alcaldesa panista, Concepci\u00f3n Tamay Noh, quien busca reelegirse.<\/p>\n\n\n\n<p>Ambos grupos primero se insultaron, luego se enfrentaron con piedras, palos y otros objetos. Extraoficialmente se dijo que hubo disparos al aire.<\/p>\n\n\n\n<p>Por su parte, la Fiscal\u00eda General del Estado emiti\u00f3 ayer en un comunicado en el que indic\u00f3 que de acuerdo con el resultado de la necropsia de Ley practicada por especialistas del Servicio M\u00e9dico Forense, Mart\u00edn \u201cN\u201d falleci\u00f3 a causa de un infarto agudo al miocardio.&nbsp;<\/p>\n\n\n\n<p>EN PUEBLA<\/p>\n\n\n\n<p>Eduardo Rivera P\u00e9rez, candidato a la gubernatura de Puebla por la coalici\u00f3n PAN, PRI, PRD y Pacto Social de Integraci\u00f3n, inform\u00f3 que su domicilio fue atacado la noche del viernes, por lo que suspendi\u00f3 su gira al interior de la entidad.<\/p>\n\n\n\n<p>A trav\u00e9s de un mensaje en redes sociales, el abanderado se\u00f1al\u00f3: \u201cMe han informado que la seguridad del lugar donde vivo ha sido vulnerada. He suspendido mi gira en el interior del estado y en este momento estoy regresando a la capital. Mi familia est\u00e1 bien. Me comentan que hay personas inocentes heridas\u201d<\/p>\n\n\n\n<p>El tambi\u00e9n ex alcalde de la capital poblana a\u00f1adi\u00f3 que seg\u00fan la informaci\u00f3n que tiene todo apunta a que hubo un m\u00f3vil pol\u00edtico contra \u00e9l. \u201cM\u00e1s adelante estar\u00e9 compartiendo m\u00e1s informaci\u00f3n. \u00a1No se vale carajo!\u201d, reclam\u00f3.<\/p>\n\n\n\n<p>EN CHIAPAS<\/p>\n\n\n\n<p>Juan G\u00f3mez Morales, candidato a la alcald\u00eda de Benem\u00e9rito de las Am\u00e9ricas por el partido Chiapas Unido, sufri\u00f3 un atentado en el que murieron su hijo, Jimmy Jhonatan G\u00f3mez Jer\u00f3nimo, y el abanderado a quinto regidor del ayuntamiento, Mauro Hern\u00e1ndez, adem\u00e1s de que tres personas resultaron lesionadas de bala, inform\u00f3 ese instituto pol\u00edtico, de registro local.<\/p>\n\n\n\n<p>La noche del viernes, Chiapas Unido pidi\u00f3 a las autoridades \u201chacer lo que les corresponde y permitir un proceso electoral en el que se les otorguen las garant\u00edas a los candidatos de todos los partidos pol\u00edticos para participar y lograr una jornada electoral pac\u00edfica\u201d.<\/p>\n\n\n\n<p>EN QUER\u00c9TARO<\/p>\n\n\n\n<p>El propietario de una bodega de aguacates de la Central de Abastos de la ciudad de Quer\u00e9taro fue ejecutado a balazos la ma\u00f1ana de este s\u00e1bado por presuntos extorsionadores.<\/p>\n\n\n\n<p>El comerciante, conocido como \u00abEl Camar\u00f3n\u00bb de aproximadamente 45 a\u00f1os de edad, fue acribillado al momento de salir de su bodega a uno de los pasillos exteriores de la Central de Abastos.<\/p>\n\n\n\n<p>All\u00ed lo estaban esperando cuatro individuos con cascos y vestidos con prendas de color negro abordo de cuatro motocicletas.<\/p>\n\n\n\n<p>De acuerdo con clientes y otros comerciantes, al ver a \u00abEl Camar\u00f3n\u00bb, los desconocidos sacaron sus armas y sin mediar palabra alguna le comenzaron a disparar.<\/p>\n\n\n\n<p>EN CHIHUAHUA<\/p>\n\n\n\n<p>La Fiscal\u00eda de Distrito Zona Sur del estado de Chihuahua inform\u00f3 que este s\u00e1bado 4 de mayo atendi\u00f3 un reporte de disparos de arma de fuego en el municipio de&nbsp;Valle de Zaragoza, lugar donde encontr\u00f3 tres personas muertas y otras dos heridas.<\/p>\n\n\n\n<p>En un comunicado, el Ministerio P\u00fablico local se\u00f1al\u00f3 que atendi\u00f3 el reporte por lo que el personal Investigador despleg\u00f3 un operativo y en el camino que conduce de Valle de Zaragoza a San Felipe de Jes\u00fas, quienes \u201clocalizaron a tres personas sin vida, las cuales presentaron heridas producidas por proyectil de arma de fuego y hasta el momento permanecen sin identificar\u201d<\/p>\n\n\n\n<p>(Informaci\u00f3n de \u201cLa Jornada\u201d e Infobae M\u00e9xico)<\/p>\n","protected":false},"excerpt":{"rendered":"<p>Redacci\u00f3n\/Zona Roja Cdmx. Ciudad de M\u00e9xico, a 5 de mayo de 2024.- Mart\u00edn \u201cN\u201d, de&hellip;<\/p>\n","protected":false},"author":2,"featured_media":67750,"comment_status":"closed","ping_status":"open","sticky":false,"template":"","format":"standard","meta":{"_lmt_disableupdate":"","_lmt_disable":"","_jetpack_memberships_contains_paid_content":false,"footnotes":""},"categories":[109,51],"tags":[1746],"class_list":["post-68018","post","type-post","status-publish","format-standard","has-post-thumbnail","hentry","category-minuto-a-minuto","category-zona-roja","tag-violencia-en-mexico"],"jetpack_featured_media_url":"https:\/\/zonaroja.com.mx\/wp-content\/uploads\/2024\/04\/Cinta-de-la-escena-del-crimen.jpg","jetpack_sharing_enabled":true,"_links":{"self":[{"href":"https:\/\/zonaroja.com.mx\/index.php?rest_route=\/wp\/v2\/posts\/68018","targetHints":{"allow":["GET"]}}],"collection":[{"href":"https:\/\/zonaroja.com.mx\/index.php?rest_route=\/wp\/v2\/posts"}],"about":[{"href":"https:\/\/zonaroja.com.mx\/index.php?rest_route=\/wp\/v2\/types\/post"}],"author":[{"embeddable":true,"href":"https:\/\/zonaroja.com.mx\/index.php?rest_route=\/wp\/v2\/users\/2"}],"replies":[{"embeddable":true,"href":"https:\/\/zonaroja.com.mx\/index.php?rest_route=%2Fwp%2Fv2%2Fcomments&post=68018"}],"version-history":[{"count":1,"href":"https:\/\/zonaroja.com.mx\/index.php?rest_route=\/wp\/v2\/posts\/68018\/revisions"}],"predecessor-version":[{"id":68019,"href":"https:\/\/zonaroja.com.mx\/index.php?rest_route=\/wp\/v2\/posts\/68018\/revisions\/68019"}],"wp:featuredmedia":[{"embeddable":true,"href":"https:\/\/zonaroja.com.mx\/index.php?rest_route=\/wp\/v2\/media\/67750"}],"wp:attachment":[{"href":"https:\/\/zonaroja.com.mx\/index.php?rest_route=%2Fwp%2Fv2%2Fmedia&parent=68018"}],"wp:term":[{"taxonomy":"category","embeddable":true,"href":"https:\/\/zonaroja.com.mx\/index.php?rest_route=%2Fwp%2Fv2%2Fcategories&post=68018"},{"taxonomy":"post_tag","embeddable":true,"href":"https:\/\/zonaroja.com.mx\/index.php?rest_route=%2Fwp%2Fv2%2Ftags&post=68018"}],"curies":[{"name":"wp","href":"https:\/\/api.w.org\/{rel}","templated":true}]}}