{"id":68028,"date":"2024-05-05T13:31:00","date_gmt":"2024-05-05T19:31:00","guid":{"rendered":"https:\/\/zonaroja.com.mx\/?p=68028"},"modified":"2024-05-05T07:37:35","modified_gmt":"2024-05-05T13:37:35","slug":"opinion-adios-a-la-antigua","status":"publish","type":"post","link":"https:\/\/zonaroja.com.mx\/?p=68028","title":{"rendered":"Opini\u00f3n. Adi\u00f3s a la antigua"},"content":{"rendered":"\n<p>Soledad Jarqu\u00edn \u00c9dgar\/SemM\u00e9xico<\/p>\n\n\n\n<p>Cuando el tiempo pasa, cuando ya est\u00e1s cansada, cuando ya hiciste lo que deb\u00edas hacer, lo que sigue es irse, cambiar de aires, disfrutar la vida desde otro lugar, sin prisa, sin necesidad, sin presiones. Nosotras tambi\u00e9n queremos soltar las amarras y echarnos a la mar que nos lleve el viento.<\/p>\n\n\n\n<p>Eso nos decimos una y otra vez, pero aceptar el irse, el dejar lo que se ha hecho durante 30, 40 o 50 a\u00f1os o m\u00e1s tiempo y adem\u00e1s nos gusta, es dif\u00edcil. El momento lo posponemos una, dos, tres o cien veces. No, nunca ser\u00e1 f\u00e1cil soltar las amarras y en una peque\u00f1a barca viajar hacia otro lugar, en busca de otros horizontes.<\/p>\n\n\n\n<p>Eso hizo Susana Ch\u00eda P\u00e9rez, feminista, bi\u00f3loga de profesi\u00f3n, maestra en formaci\u00f3n docente, siempre lectora, estudiosa y as\u00ed lo plane\u00f3 desde hace un tiempo. Cerr\u00f3 \u201cLa Antigua\u201d, su cafeter\u00eda que durante 27 a\u00f1os mantuvo en el Centro Hist\u00f3rico de la ciudad de Oaxaca.<\/p>\n\n\n\n<p>\u201cEs tiempo de decir adi\u00f3s, de la jubilaci\u00f3n y abrir paso a nuevas realidades\u2026 agotada\u2026 pero con el gusto del deber cumplido\u2026 porque lo vivimos con mucho gusto, siempre las batallas hay que darlas en espera que algo suceda, aunque no suceda, se gane o se pierda, que la vida gane la apuesta siempre, esa es mi apuesta y siempre la vida debe continuar\u2026 aceptando que todo cambia y nada permanece igual, que vamos cambiando y desde que nacemos comenzamos a envejecer\u201d\u2026 Son algunas de las palabras que pronunci\u00f3 frente a un grupo de amigas, compa\u00f1eras feministas, su grupo Las Malignas y su familia.<\/p>\n\n\n\n<p>El 30 de abril fue el \u00faltimo d\u00eda. No abrir\u00e1 m\u00e1s las puertas del caf\u00e9, buen caf\u00e9, no veremos m\u00e1s a Susana Ch\u00eda yendo y viniendo, leyendo a ratos, escribiendo en otros momentos, sentada en las mesas que muchas veces, m\u00e1s en las \u00faltimas fechas ella misma nos sirvi\u00f3.<\/p>\n\n\n\n<p>Sin duda fue una valiente decisi\u00f3n y como ella dijo se lleva en su maleta sus amores, los logros, aprendizajes, experiencias y la oportunidad; la fortaleza y templanza para aplastar el miedo al cambio, la vejez.<\/p>\n\n\n\n<p>Despu\u00e9s de su apertura en 1997, \u201cLa Antigua\u201d sin propon\u00e9rselo fue el espacio para tomar caf\u00e9 de vez en cuando, el punto de reuni\u00f3n de feministas que por separado lleg\u00e1bamos y termin\u00e1bamos juntas para hablar y hablar de esas nuestras batallas, de esos nuestros triunfos, sirvi\u00f3 para conferencias de prensa, algunas presentaciones casi siempre de mujeres, fue el espacio de Marea Verde, el sitio de para respirar juntas. Para muchas periodistas fue el lugar de las citas con las personas que entrevist\u00e1bamos.<\/p>\n\n\n\n<p>Le decimos adi\u00f3s a \u201cLa Antigua\u201d y aprendemos la lecci\u00f3n de Susana Ch\u00eda de dar paso en alg\u00fan momento a una nueva realidad, que venga lo que sigue, lo de m\u00e1s adelante. Te seguiremos viendo Susana.<\/p>\n\n\n\n<p>CONTRA EL PODER<\/p>\n\n\n\n<p>Inspirada en la obra de Ariel Dorfman en el libro \u201cSpeak Truth to Power\u201d, de Kerry Kennedy, se present\u00f3 Voces contra el Poder Oaxaca, un homenaje a las personas defensoras y periodistas de Oaxaca, dirigida por Gaby Loaria, en el que actrices y actores hicieron un recuento en primera persona de las historia de Carmen Santiago Alonso, fundadora de la organizaci\u00f3n \u201cFlor y Canto\u201d y quien falleciera el 2023.<\/p>\n\n\n\n<p>De Ixtli Mart\u00ednez, periodista que cuestion\u00f3 al gobernador Jos\u00e9 Murat y quien sufri\u00f3 una atentado el 10 de junio de 2010; Eugui Roy Mart\u00ednez P\u00e9rez, estudiante de biolog\u00eda, asesinado en San Agust\u00edn Loxicha el 7 de mayo de 2020; Filadelfo Aldaz Desiderio, responsable del proyecto \u201cLa Comedora\u201d que naci\u00f3 \u201cpara vecer el hambre de personas en situaci\u00f3n de calle, grupos vulnerables y personas migrantes, y Marta Pablo Cruz, madre buscadora y responsable del grupo Oaxaque\u00f1os buscando a los nuestros A.C.<\/p>\n\n\n\n<p>El proyecto en el que participaron estudiantes de varias universidades locales, es una iniciativa de las organizaciones USAID, El d\u00eda despu\u00e9s y Speak Truth to Power.<\/p>\n\n\n\n<p>Escuchar las historias de estas personas en el espacio Estaci\u00f3n Morelos nos llev\u00f3 a recordar que en Oaxaca, cuestionar al poder real como a los poderes f\u00e1cticos es ir cuesta arriba en una monta\u00f1a de corrupci\u00f3n e impunidad, donde los derechos humanos y la justicia son abismos.<\/p>\n\n\n\n<p>Al finalizar la presentaci\u00f3n las organizaciones participantes, entre ellas la Red de Mujeres Periodistas de Oaxaca, que naci\u00f3 hace unos a\u00f1os, leyeron un pronunciamiento en el que plantean que la tarea principal es trabajar para reducir las injusticias y las violencias sistem\u00e1ticas.<\/p>\n\n\n\n<p>El proyecto busca dejar de normalizar la desaparici\u00f3n de personas, los feminicidios, los transfeminicidios, la violencia contra personas migrantes, el extractivismo de industrias que se apropian del agua, el territorio, los bosques, que se niegue el libre tr\u00e1nsito, que no haya justicia.<\/p>\n\n\n\n<p>El ejercicio presentado es una acci\u00f3n m\u00e1s para que personas, familias y comunidades que desde hace muchos a\u00f1os permanecen en lucha y resistencia logren verdad, justicia, reparaci\u00f3n integral del da\u00f1o y garant\u00edas de no repetici\u00f3n, adem\u00e1s de ofrecer una mejor calidad de vida para las siguientes generaciones y pidieron atenci\u00f3n de las autoridades para combatir la impunidad.<\/p>\n\n\n\n<p>*Periodista y activista feminista.<\/p>\n","protected":false},"excerpt":{"rendered":"<p>Soledad Jarqu\u00edn \u00c9dgar\/SemM\u00e9xico Cuando el tiempo pasa, cuando ya est\u00e1s cansada, cuando ya hiciste lo&hellip;<\/p>\n","protected":false},"author":2,"featured_media":68029,"comment_status":"closed","ping_status":"open","sticky":false,"template":"","format":"standard","meta":{"_lmt_disableupdate":"","_lmt_disable":"","_jetpack_memberships_contains_paid_content":false,"footnotes":""},"categories":[456,109],"tags":[1105],"class_list":["post-68028","post","type-post","status-publish","format-standard","has-post-thumbnail","hentry","category-columna","category-minuto-a-minuto","tag-soledad-jarquin-edgar"],"jetpack_featured_media_url":"https:\/\/zonaroja.com.mx\/wp-content\/uploads\/2024\/05\/Soledad-Jarquin-Edgar.jpg","jetpack_sharing_enabled":true,"_links":{"self":[{"href":"https:\/\/zonaroja.com.mx\/index.php?rest_route=\/wp\/v2\/posts\/68028","targetHints":{"allow":["GET"]}}],"collection":[{"href":"https:\/\/zonaroja.com.mx\/index.php?rest_route=\/wp\/v2\/posts"}],"about":[{"href":"https:\/\/zonaroja.com.mx\/index.php?rest_route=\/wp\/v2\/types\/post"}],"author":[{"embeddable":true,"href":"https:\/\/zonaroja.com.mx\/index.php?rest_route=\/wp\/v2\/users\/2"}],"replies":[{"embeddable":true,"href":"https:\/\/zonaroja.com.mx\/index.php?rest_route=%2Fwp%2Fv2%2Fcomments&post=68028"}],"version-history":[{"count":1,"href":"https:\/\/zonaroja.com.mx\/index.php?rest_route=\/wp\/v2\/posts\/68028\/revisions"}],"predecessor-version":[{"id":68030,"href":"https:\/\/zonaroja.com.mx\/index.php?rest_route=\/wp\/v2\/posts\/68028\/revisions\/68030"}],"wp:featuredmedia":[{"embeddable":true,"href":"https:\/\/zonaroja.com.mx\/index.php?rest_route=\/wp\/v2\/media\/68029"}],"wp:attachment":[{"href":"https:\/\/zonaroja.com.mx\/index.php?rest_route=%2Fwp%2Fv2%2Fmedia&parent=68028"}],"wp:term":[{"taxonomy":"category","embeddable":true,"href":"https:\/\/zonaroja.com.mx\/index.php?rest_route=%2Fwp%2Fv2%2Fcategories&post=68028"},{"taxonomy":"post_tag","embeddable":true,"href":"https:\/\/zonaroja.com.mx\/index.php?rest_route=%2Fwp%2Fv2%2Ftags&post=68028"}],"curies":[{"name":"wp","href":"https:\/\/api.w.org\/{rel}","templated":true}]}}