{"id":68034,"date":"2024-05-05T20:46:59","date_gmt":"2024-05-06T02:46:59","guid":{"rendered":"https:\/\/zonaroja.com.mx\/?p=68034"},"modified":"2024-05-05T20:47:01","modified_gmt":"2024-05-06T02:47:01","slug":"matan-y-semicalcinan-a-individuo-en-tehuantepec-oaxaca","status":"publish","type":"post","link":"https:\/\/zonaroja.com.mx\/?p=68034","title":{"rendered":"Matan y semicalcinan a individuo en Tehuantepec, Oaxaca"},"content":{"rendered":"\n<p>Raymundo Morales\/Zona Roja. Foto: ADN Sureste.<\/p>\n\n\n\n<p>Oaxaca de Ju\u00e1rez, Oax., a 5 de mayo de 2024.- Una persona del sexo masculino fue hallada sin vida este domingo en Santo Domingo Tehuantepec y el cuerpo estaba semicalcinado.<\/p>\n\n\n\n<p>El hallazgo ocurri\u00f3 en camino antiguo a la localidad de Rinc\u00f3n Moreno y cerca de unos neum\u00e1ticos viejos; campesinos que pasaban por la zona se percataron de la v\u00edctima, por lo cual pidieron el auxilio de las autoridades.<\/p>\n\n\n\n<p>Tras ello arribaron corporaciones policiacas y personal de la Vicefiscal\u00eda Regional del Istmo, dependiente de la Fiscal\u00eda General del Estado, para iniciar las primeras indagatorias.<\/p>\n\n\n\n<p>Por el estado en que se encontraba la v\u00edctima, hasta el momento no hay indicios de la identidad de la v\u00edctima.<\/p>\n\n\n\n<p>EN PUERTO ESCONDIDO<\/p>\n\n\n\n<p>Por otra parte, de nueva cuenta en el destino tur\u00edstico de Puerto Escondido ocurri\u00f3 un asesinato.<\/p>\n\n\n\n<p>El joven Jorge \u201cN\u201d fue localizado sin vida, con varios impactos de arma de fuego en el cuerpo,&nbsp; un costado de la carretera federal 131 que comunica a la ciudad de Oaxaca.<\/p>\n\n\n\n<p>Tambi\u00e9n hasta el momento se desconoce la identidad de qui\u00e9n o quienes lo asesinaron, lo cual ya es investigado por la Vicefiscal\u00eda Regional.<\/p>\n","protected":false},"excerpt":{"rendered":"<p>Raymundo Morales\/Zona Roja. Foto: ADN Sureste. Oaxaca de Ju\u00e1rez, Oax., a 5 de mayo de&hellip;<\/p>\n","protected":false},"author":2,"featured_media":68035,"comment_status":"closed","ping_status":"open","sticky":false,"template":"","format":"standard","meta":{"_lmt_disableupdate":"","_lmt_disable":"","_jetpack_memberships_contains_paid_content":false,"footnotes":""},"categories":[109,51],"tags":[533],"class_list":["post-68034","post","type-post","status-publish","format-standard","has-post-thumbnail","hentry","category-minuto-a-minuto","category-zona-roja","tag-asesinado-en-tehuantepec"],"jetpack_featured_media_url":"https:\/\/zonaroja.com.mx\/wp-content\/uploads\/2024\/05\/ASesinado-y-semi-calcinado-Tehuantepec.jpeg","jetpack_sharing_enabled":true,"_links":{"self":[{"href":"https:\/\/zonaroja.com.mx\/index.php?rest_route=\/wp\/v2\/posts\/68034","targetHints":{"allow":["GET"]}}],"collection":[{"href":"https:\/\/zonaroja.com.mx\/index.php?rest_route=\/wp\/v2\/posts"}],"about":[{"href":"https:\/\/zonaroja.com.mx\/index.php?rest_route=\/wp\/v2\/types\/post"}],"author":[{"embeddable":true,"href":"https:\/\/zonaroja.com.mx\/index.php?rest_route=\/wp\/v2\/users\/2"}],"replies":[{"embeddable":true,"href":"https:\/\/zonaroja.com.mx\/index.php?rest_route=%2Fwp%2Fv2%2Fcomments&post=68034"}],"version-history":[{"count":1,"href":"https:\/\/zonaroja.com.mx\/index.php?rest_route=\/wp\/v2\/posts\/68034\/revisions"}],"predecessor-version":[{"id":68036,"href":"https:\/\/zonaroja.com.mx\/index.php?rest_route=\/wp\/v2\/posts\/68034\/revisions\/68036"}],"wp:featuredmedia":[{"embeddable":true,"href":"https:\/\/zonaroja.com.mx\/index.php?rest_route=\/wp\/v2\/media\/68035"}],"wp:attachment":[{"href":"https:\/\/zonaroja.com.mx\/index.php?rest_route=%2Fwp%2Fv2%2Fmedia&parent=68034"}],"wp:term":[{"taxonomy":"category","embeddable":true,"href":"https:\/\/zonaroja.com.mx\/index.php?rest_route=%2Fwp%2Fv2%2Fcategories&post=68034"},{"taxonomy":"post_tag","embeddable":true,"href":"https:\/\/zonaroja.com.mx\/index.php?rest_route=%2Fwp%2Fv2%2Ftags&post=68034"}],"curies":[{"name":"wp","href":"https:\/\/api.w.org\/{rel}","templated":true}]}}