{"id":68037,"date":"2024-05-05T21:25:37","date_gmt":"2024-05-06T03:25:37","guid":{"rendered":"https:\/\/zonaroja.com.mx\/?p=68037"},"modified":"2024-05-05T21:25:39","modified_gmt":"2024-05-06T03:25:39","slug":"hallan-a-menor-ahogado-en-la-region-mixteca-de-oaxaca","status":"publish","type":"post","link":"https:\/\/zonaroja.com.mx\/?p=68037","title":{"rendered":"Hallan a menor ahogado en la regi\u00f3n Mixteca de Oaxaca"},"content":{"rendered":"\n<p>Raymundo Morales\/Zona Roja.<\/p>\n\n\n\n<p>Oaxaca de Ju\u00e1rez, Oax., a 5 de mayo de 2024.- Un menor de edad fue hallado sin vida este domingo, presuntamente ahogado en Villa de Tamazul\u00e1pam del Progreso, municipio de la regi\u00f3n Mixteca de Oaxaca.<\/p>\n\n\n\n<p>Por las caracter\u00edsticas, as\u00ed como la ropa hallada, se presume que se trata de Antonio G. L., de ocho a\u00f1os de edad, quien ayer fue reportado como desaparecido, en su domicilio del barrio San Francisco.<\/p>\n\n\n\n<p>Tras el reporte, la Unidad de B\u00fasqueda de Personas Desaparecidas y No Localizadas, dependiente de la Fiscal\u00eda General del Estado de Oaxaca, emiti\u00f3 la ficha de b\u00fasqueda correspondiente.<\/p>\n\n\n\n<p>Asimismo, la Alerta \u00c1mbar, ante la probabilidad de que pudiera estar en riesgo la vida del menor; en esta \u00faltima ficha se detall\u00f3 que a la altura del puente del r\u00edo de Tejupan fue localizada la ropa que llevaba el peque\u00f1o.<\/p>\n\n\n\n<p>Tras intensas b\u00fasquedas la ma\u00f1ana de hoy, el cuerpo fue localizado a la altura del puente de piedra camino a Xacahua.<\/p>\n\n\n\n<p>La Fiscal\u00eda General del Estado realiza las indagatorias respectivas, as\u00ed como la autopsia correspondiente, para confirmar si se trata del cuerpo de Antonio quien, de acuerdo con sus familiares, se sali\u00f3 de la casa sin avisar.<\/p>\n\n\n\n<figure class=\"wp-block-embed is-type-rich is-provider-twitter wp-block-embed-twitter\"><div class=\"wp-block-embed__wrapper\">\n<div class=\"twitter-tweet\"><blockquote class=\"twitter-tweet\" data-lang=\"es\"><p lang=\"es\" dir=\"ltr\"><a href=\"https:\/\/twitter.com\/hashtag\/%C3%9AltimoMinuto?src=hash&amp;ref_src=twsrc%5Etfw\">#\u00daltimoMinuto<\/a><br>La <a href=\"https:\/\/twitter.com\/FGEO_DNOL?ref_src=twsrc%5Etfw\">@FGEO_DNOL<\/a> de la <a href=\"https:\/\/twitter.com\/FISCALIA_GobOax?ref_src=twsrc%5Etfw\">@FISCALIA_GobOax<\/a> emiti\u00f3 una Alerta \u00c1mber, por la desaparici\u00f3n de Antonio L\u00f3pez Gonz\u00e1lez.<br>Fue visto por \u00faltima vez ayer en barrio San Francisco, Tamazul\u00e1pam del Progreso, municipio de la regi\u00f3n Mixteca de Oaxaca. <br>Sin embargo, hoy fue localizado\u2026 <a href=\"https:\/\/t.co\/0n1Jx65xsO\">pic.twitter.com\/0n1Jx65xsO<\/a><\/p>&mdash; Zona Roja Oaxaca (@ZonaRoja_Oaxaca) <a href=\"https:\/\/twitter.com\/ZonaRoja_Oaxaca\/status\/1787235888495206851?ref_src=twsrc%5Etfw\">5 de mayo de 2024<\/a><\/blockquote><\/div>\n<\/div><\/figure>\n","protected":false},"excerpt":{"rendered":"<p>Raymundo Morales\/Zona Roja. Oaxaca de Ju\u00e1rez, Oax., a 5 de mayo de 2024.- Un menor&hellip;<\/p>\n","protected":false},"author":2,"featured_media":68038,"comment_status":"closed","ping_status":"open","sticky":false,"template":"","format":"standard","meta":{"_lmt_disableupdate":"","_lmt_disable":"","_jetpack_memberships_contains_paid_content":false,"footnotes":""},"categories":[109,47],"tags":[656],"class_list":["post-68037","post","type-post","status-publish","format-standard","has-post-thumbnail","hentry","category-minuto-a-minuto","category-zona-gris","tag-tamazulapam-del-progreso"],"jetpack_featured_media_url":"https:\/\/zonaroja.com.mx\/wp-content\/uploads\/2024\/05\/Menor-desaparecido-Tamazulapam-del-Progreso.jpeg","jetpack_sharing_enabled":true,"_links":{"self":[{"href":"https:\/\/zonaroja.com.mx\/index.php?rest_route=\/wp\/v2\/posts\/68037","targetHints":{"allow":["GET"]}}],"collection":[{"href":"https:\/\/zonaroja.com.mx\/index.php?rest_route=\/wp\/v2\/posts"}],"about":[{"href":"https:\/\/zonaroja.com.mx\/index.php?rest_route=\/wp\/v2\/types\/post"}],"author":[{"embeddable":true,"href":"https:\/\/zonaroja.com.mx\/index.php?rest_route=\/wp\/v2\/users\/2"}],"replies":[{"embeddable":true,"href":"https:\/\/zonaroja.com.mx\/index.php?rest_route=%2Fwp%2Fv2%2Fcomments&post=68037"}],"version-history":[{"count":1,"href":"https:\/\/zonaroja.com.mx\/index.php?rest_route=\/wp\/v2\/posts\/68037\/revisions"}],"predecessor-version":[{"id":68039,"href":"https:\/\/zonaroja.com.mx\/index.php?rest_route=\/wp\/v2\/posts\/68037\/revisions\/68039"}],"wp:featuredmedia":[{"embeddable":true,"href":"https:\/\/zonaroja.com.mx\/index.php?rest_route=\/wp\/v2\/media\/68038"}],"wp:attachment":[{"href":"https:\/\/zonaroja.com.mx\/index.php?rest_route=%2Fwp%2Fv2%2Fmedia&parent=68037"}],"wp:term":[{"taxonomy":"category","embeddable":true,"href":"https:\/\/zonaroja.com.mx\/index.php?rest_route=%2Fwp%2Fv2%2Fcategories&post=68037"},{"taxonomy":"post_tag","embeddable":true,"href":"https:\/\/zonaroja.com.mx\/index.php?rest_route=%2Fwp%2Fv2%2Ftags&post=68037"}],"curies":[{"name":"wp","href":"https:\/\/api.w.org\/{rel}","templated":true}]}}