{"id":6804,"date":"2019-12-19T17:41:57","date_gmt":"2019-12-19T23:41:57","guid":{"rendered":"http:\/\/www.zonaroja.com.mx\/?p=6804"},"modified":"2019-12-19T17:42:01","modified_gmt":"2019-12-19T23:42:01","slug":"aumenta-a-14-las-personas-asesinadas-en-poco-mas-de-24-horas-en-oaxaca","status":"publish","type":"post","link":"https:\/\/zonaroja.com.mx\/?p=6804","title":{"rendered":"Aumenta a 14 las personas asesinadas en poco m\u00e1s de 24 horas en Oaxaca"},"content":{"rendered":"\n<p>Ismael Garc\u00eda M.\/Zona Roja.<\/p>\n\n\n\n<p>Oaxaca de Ju\u00e1rez, Oax., 19 de diciembre\nde 2019.- En poco m\u00e1s de 24 horas, suman 14 personas asesinadas en al menos\ncuatro regiones de Oaxaca.<\/p>\n\n\n\n<p>Uno de los casos ocurri\u00f3 alrededor de\nlas 10:00 horas de este jueves en la octava calle de Crespo, centro de la\nciudad capital, donde fue ejecutado un m\u00e9dico cirujano, identificado como\nEnrique D\u00edaz Carmona.<\/p>\n\n\n\n<p>Lo anterior mientras casi a la misma hora y a unos 500 metros del crimen, funcionarios de la Secretar\u00eda de Seguridad P\u00fablica, Secretar\u00eda de Turismo, Guardia Nacional y Polic\u00eda Municipal, daban banderazo de arranque al operativo de seguridad con motivo de las vacaciones decembrinas.<\/p>\n\n\n\n<figure class=\"wp-block-embed-twitter wp-block-embed is-type-rich is-provider-twitter\"><div class=\"wp-block-embed__wrapper\">\n<div class=\"twitter-tweet\"><blockquote class=\"twitter-tweet\" data-lang=\"es\"><p lang=\"es\" dir=\"ltr\"><a href=\"https:\/\/twitter.com\/hashtag\/OaxacaRojo?src=hash&amp;ref_src=twsrc%5Etfw\">#OaxacaRojo<\/a><br>En el momento en que <a href=\"https:\/\/twitter.com\/SSP_GobOax?ref_src=twsrc%5Etfw\">@SSP_GobOax<\/a>, <a href=\"https:\/\/twitter.com\/GN_MEXICO_?ref_src=twsrc%5Etfw\">@GN_MEXICO_<\/a> y <a href=\"https:\/\/twitter.com\/MunicipioSeguro?ref_src=twsrc%5Etfw\">@MunicipioSeguro<\/a> anunciaban operativo de seguridad, a unos metros del acto, fue ejecutado el m\u00e9dico cirujano Enrique D. C., en la octava calle de Crespo, ciudad de Oaxaca. <a href=\"https:\/\/twitter.com\/julioastillero?ref_src=twsrc%5Etfw\">@julioastillero<\/a> <a href=\"https:\/\/twitter.com\/AristeguiOnline?ref_src=twsrc%5Etfw\">@AristeguiOnline<\/a> <a href=\"https:\/\/twitter.com\/KarinaBaronO?ref_src=twsrc%5Etfw\">@KarinaBaronO<\/a> <a href=\"https:\/\/t.co\/URY3T0wPGw\">pic.twitter.com\/URY3T0wPGw<\/a><\/p>&mdash; Zona Roja Oaxaca (@MexRoja) <a href=\"https:\/\/twitter.com\/MexRoja\/status\/1207728236777459713?ref_src=twsrc%5Etfw\">19 de diciembre de 2019<\/a><\/blockquote><\/div>\n<\/div><\/figure>\n\n\n\n<p>Al menos dos individuos arribaron a la\ncl\u00ednica del m\u00e9dico donde intentaron sacarlo, pero en el forcejeo le dispararon\na la cabeza y tras lo cual huyeron.<\/p>\n\n\n\n<p>Horas antes hab\u00edan hurtado un veh\u00edculo\nmarca Volkswagen, tipo Jetta, con placas de circulaci\u00f3n TLF-7500 de Oaxaca,\nmismo que fue localizado alrededor del mediod\u00eda en la calle de Macedonio\nAlcal\u00e1, centro de la capital.<\/p>\n\n\n\n<p>Entre otros cr\u00edmenes recientes, en\nHuautla de Jim\u00e9nez fue ultimado a balazos Daniel Pineda Cerqueda, en la avenida\nJu\u00e1rez de ese municipio de la regi\u00f3n Ca\u00f1ada; por los hechos se inform\u00f3 de\nmanera preliminar que hubo dos personas detenidas.<\/p>\n\n\n\n<p>Mientras tanto en Jalapa de D\u00edaz,\nregi\u00f3n de la Cuenca del Papaloapan fue asesinada una persona del sexo\nmasculino, cerca de la Escuela Telesecundaria, seg\u00fan dio a conocer la s\u00edndico\nmunicipal Hortensia Morelos.<\/p>\n\n\n\n<p>Y en Huajuapan de Le\u00f3n, poco despu\u00e9s\ndel mediod\u00eda fue asesinado a balazos un individuo, en la calle \u00c1lamos de la\nagencia de Santa Teresa; otra m\u00e1s result\u00f3 lesionada. A\u00fan no se ha dado a\nconocer la identidad de las v\u00edctimas.<\/p>\n\n\n\n<p>Como inform\u00f3 ZONA ROJA en la ma\u00f1ana, entre la noche del mi\u00e9rcoles y la ma\u00f1ana del jueves, fueron asesinadas al menos 10 personas, en las regiones Istmo, Costa, Sierra Sur y Cuenca.<\/p>\n\n\n\n<figure class=\"wp-block-embed-twitter wp-block-embed is-type-rich is-provider-twitter\"><div class=\"wp-block-embed__wrapper\">\n<div class=\"twitter-tweet\"><blockquote class=\"twitter-tweet\" data-lang=\"es\"><p lang=\"es\" dir=\"ltr\"><a href=\"https:\/\/twitter.com\/hashtag\/OaxacaRojo?src=hash&amp;ref_src=twsrc%5Etfw\">#OaxacaRojo<\/a><br>\u00a1Lo faltaba! Detonaci\u00f3n de artefacto en Centro Hist\u00f3rico ciudad de Oaxaca; persecuci\u00f3n y una persona detenida en Reforma esquina avenida Independencia. <br>En tanto, siguen los asesinatos y hay tres casos recientes, con lo que suman 14 homicidios en poco m\u00e1s de 23 horas. <a href=\"https:\/\/t.co\/3YdbAMxmA7\">pic.twitter.com\/3YdbAMxmA7<\/a><\/p>&mdash; Zona Roja Oaxaca (@MexRoja) <a href=\"https:\/\/twitter.com\/MexRoja\/status\/1207793255104032770?ref_src=twsrc%5Etfw\">19 de diciembre de 2019<\/a><\/blockquote><\/div>\n<\/div><\/figure>\n\n\n\n<p>Y NO FALTA PSICOSIS<\/p>\n\n\n\n<p>En medio de estos hechos de violencia,\nen la Plaza Parque, colonia Reforma de la ciudad de Oaxaca, se report\u00f3 una\namenaza de bomba, ante lo cual polic\u00edas cerraron la calle Heroica Escuela Naval\nMilitar, as\u00ed como la calzada Porfirio D\u00edaz.<\/p>\n\n\n\n<p>Lo anterior gener\u00f3 psicosis\ngeneralizada; no obstante, luego de las indagatorias se dio a conocer que se\ntrat\u00f3 de un juguete el\u00e9ctrico.<\/p>\n\n\n\n<p>Otra movilizaci\u00f3n policiaca se registr\u00f3\nen la segunda calle de 5 de Mayo, Centro Hist\u00f3rico de la capital, donde de\nnuevo inici\u00f3 el litigio por una casa marcada con el n\u00famero 211, por lo cual\nrequiri\u00f3 la presencia policial; en ese sitio hace tres semanas asesinaron a una\npersona en medio de la disputa.<\/p>\n\n\n\n<p>En ese contexto una persona arroj\u00f3 un\nartefacto explosivo de pirotecnia, lo que gener\u00f3 una persecuci\u00f3n policiaca; un\nindividuo fue detenido en la calle de Reforma casi esquina con Independencia.<\/p>\n","protected":false},"excerpt":{"rendered":"<p>Ismael Garc\u00eda M.\/Zona Roja. Oaxaca de Ju\u00e1rez, Oax., 19 de diciembre de 2019.- En poco&hellip;<\/p>\n","protected":false},"author":2,"featured_media":6805,"comment_status":"closed","ping_status":"open","sticky":false,"template":"","format":"standard","meta":{"_lmt_disableupdate":"","_lmt_disable":"","_jetpack_memberships_contains_paid_content":false,"footnotes":""},"categories":[109,47],"tags":[148],"class_list":["post-6804","post","type-post","status-publish","format-standard","has-post-thumbnail","hentry","category-minuto-a-minuto","category-zona-gris","tag-oaxaca-de-juarez"],"jetpack_featured_media_url":"https:\/\/zonaroja.com.mx\/wp-content\/uploads\/2019\/12\/e0b14411-0d0c-4cd4-8729-994a5a7e88c0.jpg","jetpack_sharing_enabled":true,"_links":{"self":[{"href":"https:\/\/zonaroja.com.mx\/index.php?rest_route=\/wp\/v2\/posts\/6804","targetHints":{"allow":["GET"]}}],"collection":[{"href":"https:\/\/zonaroja.com.mx\/index.php?rest_route=\/wp\/v2\/posts"}],"about":[{"href":"https:\/\/zonaroja.com.mx\/index.php?rest_route=\/wp\/v2\/types\/post"}],"author":[{"embeddable":true,"href":"https:\/\/zonaroja.com.mx\/index.php?rest_route=\/wp\/v2\/users\/2"}],"replies":[{"embeddable":true,"href":"https:\/\/zonaroja.com.mx\/index.php?rest_route=%2Fwp%2Fv2%2Fcomments&post=6804"}],"version-history":[{"count":1,"href":"https:\/\/zonaroja.com.mx\/index.php?rest_route=\/wp\/v2\/posts\/6804\/revisions"}],"predecessor-version":[{"id":6806,"href":"https:\/\/zonaroja.com.mx\/index.php?rest_route=\/wp\/v2\/posts\/6804\/revisions\/6806"}],"wp:featuredmedia":[{"embeddable":true,"href":"https:\/\/zonaroja.com.mx\/index.php?rest_route=\/wp\/v2\/media\/6805"}],"wp:attachment":[{"href":"https:\/\/zonaroja.com.mx\/index.php?rest_route=%2Fwp%2Fv2%2Fmedia&parent=6804"}],"wp:term":[{"taxonomy":"category","embeddable":true,"href":"https:\/\/zonaroja.com.mx\/index.php?rest_route=%2Fwp%2Fv2%2Fcategories&post=6804"},{"taxonomy":"post_tag","embeddable":true,"href":"https:\/\/zonaroja.com.mx\/index.php?rest_route=%2Fwp%2Fv2%2Ftags&post=6804"}],"curies":[{"name":"wp","href":"https:\/\/api.w.org\/{rel}","templated":true}]}}