{"id":68040,"date":"2024-05-05T21:29:27","date_gmt":"2024-05-06T03:29:27","guid":{"rendered":"https:\/\/zonaroja.com.mx\/?p=68040"},"modified":"2024-05-05T21:29:28","modified_gmt":"2024-05-06T03:29:28","slug":"opinion-el-negacionismo-chiapaneco","status":"publish","type":"post","link":"https:\/\/zonaroja.com.mx\/?p=68040","title":{"rendered":"Opini\u00f3n. El negacionismo chiapaneco"},"content":{"rendered":"\n<p>Diego Enrique Osorno*<\/p>\n\n\n\n<p>Quiz\u00e1 el factor m\u00e1s grave de la crisis de violencia que sufre Chiapas es el desgajamiento de su tejido social. Pueblos, comunidades y organizaciones padecen en su interior de un aumento de la zozobra y la desconfianza, agudizado por programas sociales que provocan tensiones y conflictos constantes al ser operados por grupos corporativistas locales.<\/p>\n\n\n\n<p>Algunos de estos entes, ahora incluso fuertemente armados, han sido fomentados por distintos niveles de gobierno para implementar estrategias de control poblacional, d\u00e1ndoles otros beneficios legales o ilegales, adem\u00e1s de los subsidios gubernamentales, como concesiones mineras o de autotransporte y permisos de facto para traficar armas, personas y drogas, como ha documentado el Centro de Derechos Humanos Fray Bartolom\u00e9 de las Casas.<\/p>\n\n\n\n<p>\u201cEn medio de todo este escenario es lamentable que los gobiernos, tanto federal como estatal, est\u00e9n con una actitud negacionista de la violencia en Chiapas\u201d, cuestiona Carlos Ogaz. Dicho negacionismo, explica el defensor del Frayba, implica que la sociedad carezca de \u201cherramientas efectivas para generar rutas de atenci\u00f3n hacia una paz duradera en los territorios\u201d.<\/p>\n\n\n\n<p>M\u00e1s all\u00e1 del siniestro desd\u00e9n oficial, Ogaz es enf\u00e1tico con la propia sociedad chiapaneca: \u201cNo nos va a llevar a ning\u00fan lado negar la violencia ni minimizar las cosas. Es muy importante abonar al tejido social, a la reconstrucci\u00f3n del tejido de los sentidos comunitarios de los pueblos lastimados por la violencia. La militarizaci\u00f3n y los programas sociales no van a llevar a una soluci\u00f3n duradera, eso est\u00e1 comprobado\u201d.<\/p>\n\n\n\n<p>En la experiencia del Frayba, la militarizaci\u00f3n suele implicar dos cosas: la primera es una profundizaci\u00f3n de las violaciones graves a los derechos humanos y la segunda es que abre la puerta a la infiltraci\u00f3n de los territorios por parte de la delincuencia organizada.<\/p>\n\n\n\n<p>Aunado a ello, los programas sociales, al ser implementados por intereses externos a las comunidades, causan mayor conflictividad. \u201cEs importante implementar una ruta de atenci\u00f3n acorde a los pueblos&nbsp;con equipos t\u00e9cnicos que emerjan de ellos mismos. Hay que abonar a la reconciliaci\u00f3n de los pueblos, impulsar el di\u00e1logo, pero lo que urge es la desarticulaci\u00f3n de los grupos armados que est\u00e1n actuando, porque mientras esta violencia sea constante, el acceso a la paz, a la seguridad y a una vida libre de violencia&nbsp;se aleja\u201d.<\/p>\n\n\n\n<p>*Escritor y periodista.<\/p>\n\n\n\n<p>@DiegoEOsorno.<\/p>\n","protected":false},"excerpt":{"rendered":"<p>Diego Enrique Osorno* Quiz\u00e1 el factor m\u00e1s grave de la crisis de violencia que sufre&hellip;<\/p>\n","protected":false},"author":2,"featured_media":67760,"comment_status":"closed","ping_status":"open","sticky":false,"template":"","format":"standard","meta":{"_lmt_disableupdate":"","_lmt_disable":"","_jetpack_memberships_contains_paid_content":false,"footnotes":""},"categories":[456,109],"tags":[3020],"class_list":["post-68040","post","type-post","status-publish","format-standard","has-post-thumbnail","hentry","category-columna","category-minuto-a-minuto","tag-diego-enrique-osorno"],"jetpack_featured_media_url":"https:\/\/zonaroja.com.mx\/wp-content\/uploads\/2024\/04\/Diego-Enrique-Osorno.jpeg","jetpack_sharing_enabled":true,"_links":{"self":[{"href":"https:\/\/zonaroja.com.mx\/index.php?rest_route=\/wp\/v2\/posts\/68040","targetHints":{"allow":["GET"]}}],"collection":[{"href":"https:\/\/zonaroja.com.mx\/index.php?rest_route=\/wp\/v2\/posts"}],"about":[{"href":"https:\/\/zonaroja.com.mx\/index.php?rest_route=\/wp\/v2\/types\/post"}],"author":[{"embeddable":true,"href":"https:\/\/zonaroja.com.mx\/index.php?rest_route=\/wp\/v2\/users\/2"}],"replies":[{"embeddable":true,"href":"https:\/\/zonaroja.com.mx\/index.php?rest_route=%2Fwp%2Fv2%2Fcomments&post=68040"}],"version-history":[{"count":1,"href":"https:\/\/zonaroja.com.mx\/index.php?rest_route=\/wp\/v2\/posts\/68040\/revisions"}],"predecessor-version":[{"id":68041,"href":"https:\/\/zonaroja.com.mx\/index.php?rest_route=\/wp\/v2\/posts\/68040\/revisions\/68041"}],"wp:featuredmedia":[{"embeddable":true,"href":"https:\/\/zonaroja.com.mx\/index.php?rest_route=\/wp\/v2\/media\/67760"}],"wp:attachment":[{"href":"https:\/\/zonaroja.com.mx\/index.php?rest_route=%2Fwp%2Fv2%2Fmedia&parent=68040"}],"wp:term":[{"taxonomy":"category","embeddable":true,"href":"https:\/\/zonaroja.com.mx\/index.php?rest_route=%2Fwp%2Fv2%2Fcategories&post=68040"},{"taxonomy":"post_tag","embeddable":true,"href":"https:\/\/zonaroja.com.mx\/index.php?rest_route=%2Fwp%2Fv2%2Ftags&post=68040"}],"curies":[{"name":"wp","href":"https:\/\/api.w.org\/{rel}","templated":true}]}}